{"id":109507,"date":"2023-06-07T14:06:46","date_gmt":"2023-06-07T19:06:46","guid":{"rendered":"https:\/\/nvnoticias.mx\/?p=109507"},"modified":"2023-06-07T14:06:46","modified_gmt":"2023-06-07T19:06:46","slug":"moci-realiza-protesta-en-el-zocalo-de-veracruz","status":"publish","type":"post","link":"https:\/\/nvnoticias.mx\/index.php\/2023\/06\/07\/moci-realiza-protesta-en-el-zocalo-de-veracruz\/","title":{"rendered":"MOCI realiza protesta en el z\u00f3calo de Veracruz"},"content":{"rendered":"\n<p><strong>Jes\u00fas Utrilla \/ NV Noticias<\/strong><\/p>\n\n\n\n<p>Vecinos de la ciudad de Veracruz llevaron a cabo un plant\u00f3n en el z\u00f3calo de la ciudad para respaldar a los extrabajadores del Sistema de Agua y Saneamiento Metropolitano (SAS), quienes mantienen una manifestaci\u00f3n en Medellin de Bravo.<\/p>\n\n\n\n<p>Rafael Casas, integrante del Moci, se\u00f1al\u00f3 que el vital l\u00edquido sigue llegando de mala calidad a algunos hogares, pero que adem\u00e1s hay cortes de agua constantes y pr\u00e1cticamente nulas inversiones en infraestructuras por parte de Grupo MAS. Tambi\u00e9n acuso de nada sirvi\u00f3 crear la Procuradur\u00eda del Agua y mucho menos la labor que realiza el Instituto Metropolitano del Agua.<\/p>\n\n\n\n<blockquote class=\"wp-block-quote is-layout-flow wp-block-quote-is-layout-flow\"><p>\u201c<em>Ya son muchas quejas contra Grupo MAS y la procuradur\u00eda que abrieron del agua y el IMA son dos elefantes blancos que no funcionan para nada. Clausuran los drenajes, nos venden el agua cuando el agua no se deber\u00eda de vender, ya que es un derecho humano<\/em>\u201d.<\/p><\/blockquote>\n\n\n\n<p>A la par se\u00f1al\u00f3 que el plant\u00f3n es para apoyar la protesta que llevan a cabo extrabajadores del SAS en el municipio de Medell\u00edn.<\/p>\n\n\n\n<p>Cabe mencionar que la movilizaci\u00f3n fue pac\u00edfica y en orden y no obstruyeron la vialidad, ya que \u00fanicamente permanecieron sobre la plancha del Z\u00f3calo de Veracruz.<\/p>\n\n\n\n<blockquote class=\"wp-block-quote is-layout-flow wp-block-quote-is-layout-flow\"><p>\u201c<em>Es con el fin de mantener un plant\u00f3n para apoyar la protesta de los compa\u00f1eros que est\u00e1n en el parque de Medell\u00edn<\/em>\u201d.<\/p><\/blockquote>\n\n\n\n<p>Solicitaron la intervenci\u00f3n de los Gobiernos Estatal y Federal para que los usuarios de Veracruz y Boca del R\u00edo reciban un servicio adecuado.<\/p>\n","protected":false},"excerpt":{"rendered":"<p>Jes\u00fas Utrilla \/ NV Noticias Vecinos de la ciudad de Veracruz llevaron a cabo un plant\u00f3n en el z\u00f3calo de la ciudad para respaldar a los extrabajadores del Sistema de Agua y Saneamiento Metropolitano (SAS), quienes mantienen una manifestaci\u00f3n en Medellin de Bravo. Rafael Casas, integrante del Moci, se\u00f1al\u00f3 que el vital l\u00edquido sigue llegando [&hellip;]<\/p>\n","protected":false},"author":8,"featured_media":109508,"comment_status":"open","ping_status":"open","sticky":false,"template":"","format":"standard","meta":{"_monsterinsights_skip_tracking":false,"_monsterinsights_sitenote_active":false,"_monsterinsights_sitenote_note":"","_monsterinsights_sitenote_category":0,"footnotes":""},"categories":[154],"tags":[529,3492,1368],"class_list":["post-109507","post","type-post","status-publish","format-standard","has-post-thumbnail","hentry","category-veracruz","tag-moci","tag-protesta","tag-zocalo-de-veracruz","wp-image-borders"],"amp_enabled":true,"_links":{"self":[{"href":"https:\/\/nvnoticias.mx\/index.php\/wp-json\/wp\/v2\/posts\/109507","targetHints":{"allow":["GET"]}}],"collection":[{"href":"https:\/\/nvnoticias.mx\/index.php\/wp-json\/wp\/v2\/posts"}],"about":[{"href":"https:\/\/nvnoticias.mx\/index.php\/wp-json\/wp\/v2\/types\/post"}],"author":[{"embeddable":true,"href":"https:\/\/nvnoticias.mx\/index.php\/wp-json\/wp\/v2\/users\/8"}],"replies":[{"embeddable":true,"href":"https:\/\/nvnoticias.mx\/index.php\/wp-json\/wp\/v2\/comments?post=109507"}],"version-history":[{"count":1,"href":"https:\/\/nvnoticias.mx\/index.php\/wp-json\/wp\/v2\/posts\/109507\/revisions"}],"predecessor-version":[{"id":109509,"href":"https:\/\/nvnoticias.mx\/index.php\/wp-json\/wp\/v2\/posts\/109507\/revisions\/109509"}],"wp:featuredmedia":[{"embeddable":true,"href":"https:\/\/nvnoticias.mx\/index.php\/wp-json\/wp\/v2\/media\/109508"}],"wp:attachment":[{"href":"https:\/\/nvnoticias.mx\/index.php\/wp-json\/wp\/v2\/media?parent=109507"}],"wp:term":[{"taxonomy":"category","embeddable":true,"href":"https:\/\/nvnoticias.mx\/index.php\/wp-json\/wp\/v2\/categories?post=109507"},{"taxonomy":"post_tag","embeddable":true,"href":"https:\/\/nvnoticias.mx\/index.php\/wp-json\/wp\/v2\/tags?post=109507"}],"curies":[{"name":"wp","href":"https:\/\/api.w.org\/{rel}","templated":true}]}}