{"id":109482,"date":"2023-06-07T13:03:44","date_gmt":"2023-06-07T18:03:44","guid":{"rendered":"https:\/\/nvnoticias.mx\/?p=109482"},"modified":"2023-06-07T13:03:46","modified_gmt":"2023-06-07T18:03:46","slug":"el-instituto-de-la-superacion-ciudadana-recibira-propuestas-de-ciudadanos-destacados-de-veracruz","status":"publish","type":"post","link":"https:\/\/nvnoticias.mx\/index.php\/2023\/06\/07\/el-instituto-de-la-superacion-ciudadana-recibira-propuestas-de-ciudadanos-destacados-de-veracruz\/","title":{"rendered":"El Instituto de la Superaci\u00f3n Ciudadana recibir\u00e1 propuestas de ciudadanos destacados de Veracruz"},"content":{"rendered":"\n<p><strong>Jes\u00fas Utrilla \/ NV Noticias<\/strong><\/p>\n\n\n\n<p>Durante el mes de octubre, el Instituto de la Superaci\u00f3n Ciudadana estar\u00e1 aceptando propuestas para reconocer a los destacados ciudadanos de Veracruz. <\/p>\n\n\n\n<p>Cada a\u00f1o, alrededor de 70 ni\u00f1os con los mejores promedios escolares de la Ciudad de Veracruz tienen la oportunidad de realizar un viaje especial conocido como la &#8220;Ruta de la Insurgencia&#8221;.<\/p>\n\n\n\n<p>El patrono del Instituto de la Superaci\u00f3n Ciudadana de Veracruz, Adolfo Franyutti Malpica, ha reconocido que, por el momento, no se tienen planes de aumentar el n\u00famero de ni\u00f1os galardonados debido a preocupaciones log\u00edsticas y de seguridad. <\/p>\n\n\n\n<p>Aunque en alg\u00fan momento el Grupo ADO consider\u00f3 la posibilidad, resulta demasiado arriesgado para los ni\u00f1os, por lo que actualmente se cuenta con ocho maestros y dos m\u00e9dicos acompa\u00f1\u00e1ndolos en cada autob\u00fas, adem\u00e1s de una patrulla de la Polic\u00eda Federal de Caminos que los escolta durante todo el trayecto.<\/p>\n\n\n\n<p>Este recorrido abarca varias ciudades, incluyendo Veracruz, Xalapa, Ciudad de M\u00e9xico, Quer\u00e9taro, San Miguel Allende, Dolores Hidalgo, Guanajuato y C\u00f3rdoba.<\/p>\n\n\n\n<p>Aunque se garantiza la seguridad de los ni\u00f1os, si se incluyera a m\u00e1s participantes, no habr\u00eda espacio suficiente en un solo hotel y ser\u00eda necesario aumentar la vigilancia, ya que los ni\u00f1os tienden a ser juguetones por naturaleza.<\/p>\n\n\n\n<p>El Grupo ADO se har\u00e1 cargo de los gastos de transporte, alimentaci\u00f3n y alojamiento, y el viaje se llevar\u00e1 a cabo del 21 al 28 de noviembre. Esta ser\u00e1 la entrega de premios n\u00famero 70, y se busca motivar a 160 ni\u00f1as y ni\u00f1os provenientes de 235 escuelas primarias del municipio de Veracruz, tanto p\u00fablicas como privadas. <\/p>\n\n\n\n<p>Las autoridades municipales expresaron que este a\u00f1o es especialmente significativo, ya que se celebra el 70\u00ba aniversario de este evento tan importante y motivador. Una vez que se anuncian los ganadores, el viaje se convierte en una experiencia fundamental, al igual que el evento que se realiza en el teatro Clavijero.<\/p>\n\n\n\n<p>La idea de este viaje provino de Arturo Llorente, presidente municipal de Veracruz, quien fue el impulsor de la iniciativa gubernamental Superaci\u00f3n Ciudadana en 1953.<\/p>\n\n\n\n<p>La Ruta de la Insurgencia es una parte integral de esta iniciativa. Vale la pena recordar que este evento premia a los ni\u00f1os y ni\u00f1as m\u00e1s destacados del municipio en el nivel de educaci\u00f3n primaria, estimul\u00e1ndolos a continuar su camino hacia la superaci\u00f3n diaria mediante un viaje de ocho d\u00edas por las ciudades donde se gest\u00f3 el movimiento independentista.<\/p>\n","protected":false},"excerpt":{"rendered":"<p>Jes\u00fas Utrilla \/ NV Noticias Durante el mes de octubre, el Instituto de la Superaci\u00f3n Ciudadana estar\u00e1 aceptando propuestas para reconocer a los destacados ciudadanos de Veracruz. Cada a\u00f1o, alrededor de 70 ni\u00f1os con los mejores promedios escolares de la Ciudad de Veracruz tienen la oportunidad de realizar un viaje especial conocido como la &#8220;Ruta [&hellip;]<\/p>\n","protected":false},"author":8,"featured_media":109483,"comment_status":"open","ping_status":"open","sticky":false,"template":"","format":"standard","meta":{"_monsterinsights_skip_tracking":false,"_monsterinsights_sitenote_active":false,"_monsterinsights_sitenote_note":"","_monsterinsights_sitenote_category":0,"footnotes":""},"categories":[154],"tags":[21203],"class_list":["post-109482","post","type-post","status-publish","format-standard","has-post-thumbnail","hentry","category-veracruz","tag-instituto-de-la-superacion-ciudadana","wp-image-borders"],"amp_enabled":true,"_links":{"self":[{"href":"https:\/\/nvnoticias.mx\/index.php\/wp-json\/wp\/v2\/posts\/109482","targetHints":{"allow":["GET"]}}],"collection":[{"href":"https:\/\/nvnoticias.mx\/index.php\/wp-json\/wp\/v2\/posts"}],"about":[{"href":"https:\/\/nvnoticias.mx\/index.php\/wp-json\/wp\/v2\/types\/post"}],"author":[{"embeddable":true,"href":"https:\/\/nvnoticias.mx\/index.php\/wp-json\/wp\/v2\/users\/8"}],"replies":[{"embeddable":true,"href":"https:\/\/nvnoticias.mx\/index.php\/wp-json\/wp\/v2\/comments?post=109482"}],"version-history":[{"count":1,"href":"https:\/\/nvnoticias.mx\/index.php\/wp-json\/wp\/v2\/posts\/109482\/revisions"}],"predecessor-version":[{"id":109484,"href":"https:\/\/nvnoticias.mx\/index.php\/wp-json\/wp\/v2\/posts\/109482\/revisions\/109484"}],"wp:featuredmedia":[{"embeddable":true,"href":"https:\/\/nvnoticias.mx\/index.php\/wp-json\/wp\/v2\/media\/109483"}],"wp:attachment":[{"href":"https:\/\/nvnoticias.mx\/index.php\/wp-json\/wp\/v2\/media?parent=109482"}],"wp:term":[{"taxonomy":"category","embeddable":true,"href":"https:\/\/nvnoticias.mx\/index.php\/wp-json\/wp\/v2\/categories?post=109482"},{"taxonomy":"post_tag","embeddable":true,"href":"https:\/\/nvnoticias.mx\/index.php\/wp-json\/wp\/v2\/tags?post=109482"}],"curies":[{"name":"wp","href":"https:\/\/api.w.org\/{rel}","templated":true}]}}