{"id":109445,"date":"2023-06-07T11:06:21","date_gmt":"2023-06-07T16:06:21","guid":{"rendered":"https:\/\/nvnoticias.mx\/?p=109445"},"modified":"2023-06-07T11:06:22","modified_gmt":"2023-06-07T16:06:22","slug":"no-me-sorprende-renuncia-de-ebrard-a-sre-monreal","status":"publish","type":"post","link":"https:\/\/nvnoticias.mx\/index.php\/2023\/06\/07\/no-me-sorprende-renuncia-de-ebrard-a-sre-monreal\/","title":{"rendered":"No me sorprende renuncia de Ebrard a SRE: Monreal"},"content":{"rendered":"\n<p>El coordinador de Morena en el Senado y aspirante a la candidatura presidencial de su partido, Ricardo Monreal afirm\u00f3 que el anuncio de\u00a0la renuncia del canciller Marcelo Ebrard\u00a0<strong>a la Secretar\u00eda de Relaciones Exteriores es s\u00f3lo una estrategia.\u00a0<\/strong><\/p>\n\n\n\n<blockquote class=\"wp-block-quote is-layout-flow wp-block-quote-is-layout-flow\"><p><strong>&#8220;Lo \u00fanico que \u00e9l hace, por estrategia, es adelantarse<\/strong>, pero evidentemente todos deben seguir el mismo camino si as\u00ed lo decide el Consejo Nacional&#8221; consider\u00f3 el candidato en entrevista.<\/p><\/blockquote>\n\n\n\n<p><\/p>\n\n\n\n<blockquote class=\"wp-block-quote is-layout-flow wp-block-quote-is-layout-flow\"><p><\/p><\/blockquote>\n\n\n\n<p>Anteriormente, Ricardo Monreal,&nbsp;hab\u00eda considerado que el canciller Marcelo Ebrard&nbsp;<strong>hizo una renuncia adelantada&nbsp;<\/strong><strong>a la&nbsp;<\/strong><strong>Secretaria de Relaciones Exteriores.<\/strong><\/p>\n\n\n\n<p>En entrevista con Azucena Uresti para&nbsp;<em>Radio F\u00f3rmula<\/em>&nbsp;el senador detall\u00f3 que&nbsp;<strong>\u00e9l esperar\u00eda hasta el domingo 11 de junio<\/strong>&nbsp;cuando Morena d\u00e9 a conocer los lineamientos para elegir al candidato presidencial.<\/p>\n\n\n\n<blockquote class=\"wp-block-quote is-layout-flow wp-block-quote-is-layout-flow\"><p>&#8220;Era de esperarse el anuncio de Marcelo, creo que \u00e9l se adelant\u00f3, todos nos vamos a esperar a los lineamientos del d\u00eda domingo y<strong>\u00a0ya el lunes hacer el anuncio<\/strong>&#8220;, comparti\u00f3 el senador Ricardo Monreal.<\/p><p><\/p><\/blockquote>\n\n\n\n<p>Durante la noche del lunes las cuatro\u00a0<em>corcholatas;\u00a0<\/em>la jefa de gobierno Claudia Sheinbaum; el secretario de Relaciones Exteriores, Marcelo Ebrard; el secretario de Gobernaci\u00f3n, Adan Augusto y; el senador Ricardo Monreal,\u00a0<strong>se reunieron con el presidente Andr\u00e9s Manuel L\u00f3pez Obrador en<\/strong>\u00a0un restaurante del Centro Hist\u00f3rico\u00a0de la Ciudad de M\u00e9xico.<\/p>\n\n\n\n<p>Tras esta cena, algunos de los asistentes como el canciller Marcelo Ebrard&nbsp;<strong>revelaron que se habl\u00f3 de algunos de los lineamientos para elegir al candidato presidencial&nbsp;<\/strong>entre los que destaca el renunciar a su cargo durante el proceso para seleccionarle.&nbsp;<\/p>\n\n\n\n<blockquote class=\"wp-block-quote is-layout-flow wp-block-quote-is-layout-flow\"><p><strong>&#8220;Esto se platic\u00f3 ayer, no me causa ninguna sorpresa<\/strong>, vamos a esperar los estatutos. El tema de la renuncia est\u00e1 dentro de la propuesta&#8221;, comparti\u00f3 el senador Monreal.<\/p><\/blockquote>\n\n\n\n<p>Las declaraciones del senador se dieron a pocos minutos de que el canciller&nbsp;<strong>diera como fecha el 12 de junio para su salida definitiva de la dependencia&nbsp;<\/strong>en la que estuvo como titular durante cinco a\u00f1os.<\/p>\n\n\n\n<p>Tanto el canciller como el senador explicaron que parte de la medida se trata de\u00a0<strong>no usar recursos p\u00fablicos para difundir su campa\u00f1a electoral<\/strong>\u00a0desde sus respectivas trincheras.<\/p>\n\n\n\n<p>Fuente: <a href=\"https:\/\/www.milenio.com\/politica\/elecciones\/ebrard-adelanto-renuncia-sre-esperare-monreal\" data-type=\"URL\" data-id=\"https:\/\/www.milenio.com\/politica\/elecciones\/ebrard-adelanto-renuncia-sre-esperare-monreal\">Milenio<\/a> <\/p>\n","protected":false},"excerpt":{"rendered":"<p>El coordinador de Morena en el Senado y aspirante a la candidatura presidencial de su partido, Ricardo Monreal afirm\u00f3 que el anuncio de\u00a0la renuncia del canciller Marcelo Ebrard\u00a0a la Secretar\u00eda de Relaciones Exteriores es s\u00f3lo una estrategia.\u00a0 &#8220;Lo \u00fanico que \u00e9l hace, por estrategia, es adelantarse, pero evidentemente todos deben seguir el mismo camino si [&hellip;]<\/p>\n","protected":false},"author":35,"featured_media":82874,"comment_status":"open","ping_status":"open","sticky":false,"template":"","format":"standard","meta":{"_monsterinsights_skip_tracking":false,"_monsterinsights_sitenote_active":false,"_monsterinsights_sitenote_note":"","_monsterinsights_sitenote_category":0,"footnotes":""},"categories":[158],"tags":[391,2078,600],"class_list":["post-109445","post","type-post","status-publish","format-standard","has-post-thumbnail","hentry","category-politica","tag-marcelo-ebrard","tag-renuncia","tag-ricardo-monreal","wp-image-borders"],"amp_enabled":true,"_links":{"self":[{"href":"https:\/\/nvnoticias.mx\/index.php\/wp-json\/wp\/v2\/posts\/109445","targetHints":{"allow":["GET"]}}],"collection":[{"href":"https:\/\/nvnoticias.mx\/index.php\/wp-json\/wp\/v2\/posts"}],"about":[{"href":"https:\/\/nvnoticias.mx\/index.php\/wp-json\/wp\/v2\/types\/post"}],"author":[{"embeddable":true,"href":"https:\/\/nvnoticias.mx\/index.php\/wp-json\/wp\/v2\/users\/35"}],"replies":[{"embeddable":true,"href":"https:\/\/nvnoticias.mx\/index.php\/wp-json\/wp\/v2\/comments?post=109445"}],"version-history":[{"count":3,"href":"https:\/\/nvnoticias.mx\/index.php\/wp-json\/wp\/v2\/posts\/109445\/revisions"}],"predecessor-version":[{"id":109448,"href":"https:\/\/nvnoticias.mx\/index.php\/wp-json\/wp\/v2\/posts\/109445\/revisions\/109448"}],"wp:featuredmedia":[{"embeddable":true,"href":"https:\/\/nvnoticias.mx\/index.php\/wp-json\/wp\/v2\/media\/82874"}],"wp:attachment":[{"href":"https:\/\/nvnoticias.mx\/index.php\/wp-json\/wp\/v2\/media?parent=109445"}],"wp:term":[{"taxonomy":"category","embeddable":true,"href":"https:\/\/nvnoticias.mx\/index.php\/wp-json\/wp\/v2\/categories?post=109445"},{"taxonomy":"post_tag","embeddable":true,"href":"https:\/\/nvnoticias.mx\/index.php\/wp-json\/wp\/v2\/tags?post=109445"}],"curies":[{"name":"wp","href":"https:\/\/api.w.org\/{rel}","templated":true}]}}