{"id":109385,"date":"2023-06-06T16:35:32","date_gmt":"2023-06-06T21:35:32","guid":{"rendered":"https:\/\/nvnoticias.mx\/?p=109385"},"modified":"2023-06-06T16:35:33","modified_gmt":"2023-06-06T21:35:33","slug":"vuelve-a-la-corte-polemico-proyecto-sobre-instalacion-de-nacimientos-navidenos","status":"publish","type":"post","link":"https:\/\/nvnoticias.mx\/index.php\/2023\/06\/06\/vuelve-a-la-corte-polemico-proyecto-sobre-instalacion-de-nacimientos-navidenos\/","title":{"rendered":"Vuelve a la Corte pol\u00e9mico proyecto sobre instalaci\u00f3n de nacimientos navide\u00f1os"},"content":{"rendered":"\n<p>La Primera Sala de la Suprema Corte de Justicia de la Naci\u00f3n (SCJN) agend\u00f3 para el mi\u00e9rcoles de la pr\u00f3xima semana el <strong>pol\u00e9mico proyecto<\/strong> del ministro Juan Luis Gonz\u00e1lez Alc\u00e1ntara, quien propone amparar a un quejoso contra la instalaci\u00f3n del <strong>\u201cNacimiento de Jesucristo\u201d<\/strong> en el edificio del ayuntamiento de Chochol\u00e1, Yucat\u00e1n.<\/p>\n\n\n\n<p>En octubre de 2022, Gonz\u00e1lez Alc\u00e1ntara hizo p\u00fablica la sentencia por primera vez, cuyo an\u00e1lisis y votaci\u00f3n se pospuso ante las <strong>protestas <\/strong>de las organizaciones afines a la <strong>Iglesia cat\u00f3lica<\/strong> en la sede de la SCJN.<\/p>\n\n\n\n<p>En la sentencia del amparo en revisi\u00f3n 216\/2022, el ministro Gonz\u00e1lez Alc\u00e1ntara reiter\u00f3 que la instalaci\u00f3n del \u201cNacimiento de Jes\u00fas\u201d por parte de una autoridad \u201cviola la neutralidad religiosaque mandata el principio de <strong>Estado laico<\/strong>, al darle visibilidad a una religi\u00f3n o c\u00famulo de religiones espec\u00edficas sobre otras\u201d.<\/p>\n\n\n\n<p>Para el ministro, este s\u00edmbolo religioso es un \u201crecurso evangelizador de la religi\u00f3n cat\u00f3lica a lo largo del mundo occidental y, en espec\u00edfico, en Am\u00e9rica Latina\u201d.<\/p>\n\n\n\n<blockquote class=\"wp-block-quote is-layout-flow wp-block-quote-is-layout-flow\"><p>\u201cEsto implica que se trata de un s\u00edmbolo \u00edntimamente relacionado con la figura de <strong>Jes\u00fas de Nazaret<\/strong>, quien es, valga la redundancia, figura central del catolicismo, que tiene por objeto promover la adhesi\u00f3n a la religi\u00f3n cat\u00f3lica. Y, su utilizaci\u00f3n es, sin lugar a duda, es un acto que promueve una religi\u00f3n sobre otras, lo cual es un comportamiento que un Estado Laico debe evitar a fin de mantener su neutralidad\u201d, indic\u00f3.<\/p><\/blockquote>\n\n\n\n<p>Gonz\u00e1lez Alc\u00e1ntara se\u00f1al\u00f3 que \u201cla neutralidad del Estado Laico implica que no se debe favorecer a ninguna religi\u00f3n sobre otra. Ahora, si se hace se otorga un privilegio a una religi\u00f3n que ninguna otra tiene, lo que necesariamente tiene aparejado una <strong>violaci\u00f3n <\/strong>a un principio de <strong>igualdad<\/strong>\u201d.<\/p>\n\n\n\n<p>Por ello, plantea conceder el amparo y protecci\u00f3n de la justicia federal al quejoso para efectos de ahora en adelante, \u201cel Ayuntamiento de Chochol\u00e1, Yucat\u00e1n, se abstenga de colocar decoraciones o representaciones \u2013en sentido amplio- que evoquen al Nacimiento de Jes\u00fas de Nazaret, o de realizar cualquier manifestaci\u00f3n an\u00e1loga que implique una violaci\u00f3n al Estado Laico y, en consecuencia, genere un clima poco propicio para que sus habitantes puedan ejercer su libertad de creencia.<\/p>\n\n\n\n<p>Fuente: <a href=\"https:\/\/www.eluniversal.com.mx\/nacion\/vuelve-a-la-corte-polemico-proyecto-sobre-instalacion-de-nacimientos-navidenos-en-edificios-publicos\/\" data-type=\"URL\" data-id=\"https:\/\/www.eluniversal.com.mx\/nacion\/vuelve-a-la-corte-polemico-proyecto-sobre-instalacion-de-nacimientos-navidenos-en-edificios-publicos\/\">El Universal<\/a><\/p>\n","protected":false},"excerpt":{"rendered":"<p>La Primera Sala de la Suprema Corte de Justicia de la Naci\u00f3n (SCJN) agend\u00f3 para el mi\u00e9rcoles de la pr\u00f3xima semana el pol\u00e9mico proyecto del ministro Juan Luis Gonz\u00e1lez Alc\u00e1ntara, quien propone amparar a un quejoso contra la instalaci\u00f3n del \u201cNacimiento de Jesucristo\u201d en el edificio del ayuntamiento de Chochol\u00e1, Yucat\u00e1n. En octubre de 2022, [&hellip;]<\/p>\n","protected":false},"author":35,"featured_media":94835,"comment_status":"open","ping_status":"open","sticky":false,"template":"","format":"standard","meta":{"_monsterinsights_skip_tracking":false,"_monsterinsights_sitenote_active":false,"_monsterinsights_sitenote_note":"","_monsterinsights_sitenote_category":0,"footnotes":""},"categories":[158],"tags":[7952,25622,7409,8885],"class_list":["post-109385","post","type-post","status-publish","format-standard","has-post-thumbnail","hentry","category-politica","tag-instalacion","tag-nacimientos-navidenos","tag-proyecto","tag-vuelve","wp-image-borders"],"amp_enabled":true,"_links":{"self":[{"href":"https:\/\/nvnoticias.mx\/index.php\/wp-json\/wp\/v2\/posts\/109385","targetHints":{"allow":["GET"]}}],"collection":[{"href":"https:\/\/nvnoticias.mx\/index.php\/wp-json\/wp\/v2\/posts"}],"about":[{"href":"https:\/\/nvnoticias.mx\/index.php\/wp-json\/wp\/v2\/types\/post"}],"author":[{"embeddable":true,"href":"https:\/\/nvnoticias.mx\/index.php\/wp-json\/wp\/v2\/users\/35"}],"replies":[{"embeddable":true,"href":"https:\/\/nvnoticias.mx\/index.php\/wp-json\/wp\/v2\/comments?post=109385"}],"version-history":[{"count":1,"href":"https:\/\/nvnoticias.mx\/index.php\/wp-json\/wp\/v2\/posts\/109385\/revisions"}],"predecessor-version":[{"id":109386,"href":"https:\/\/nvnoticias.mx\/index.php\/wp-json\/wp\/v2\/posts\/109385\/revisions\/109386"}],"wp:featuredmedia":[{"embeddable":true,"href":"https:\/\/nvnoticias.mx\/index.php\/wp-json\/wp\/v2\/media\/94835"}],"wp:attachment":[{"href":"https:\/\/nvnoticias.mx\/index.php\/wp-json\/wp\/v2\/media?parent=109385"}],"wp:term":[{"taxonomy":"category","embeddable":true,"href":"https:\/\/nvnoticias.mx\/index.php\/wp-json\/wp\/v2\/categories?post=109385"},{"taxonomy":"post_tag","embeddable":true,"href":"https:\/\/nvnoticias.mx\/index.php\/wp-json\/wp\/v2\/tags?post=109385"}],"curies":[{"name":"wp","href":"https:\/\/api.w.org\/{rel}","templated":true}]}}