{"id":109240,"date":"2023-06-05T15:01:37","date_gmt":"2023-06-05T20:01:37","guid":{"rendered":"https:\/\/nvnoticias.mx\/?p=109240"},"modified":"2023-06-05T15:01:38","modified_gmt":"2023-06-05T20:01:38","slug":"realizaran-evento-a-beneficio-de-ninos-con-autismo","status":"publish","type":"post","link":"https:\/\/nvnoticias.mx\/index.php\/2023\/06\/05\/realizaran-evento-a-beneficio-de-ninos-con-autismo\/","title":{"rendered":"Realizar\u00e1n evento a beneficio de ni\u00f1os con autismo"},"content":{"rendered":"\n<p><strong>Jes\u00fas Utrilla \/ NV Noticias<\/strong><\/p>\n\n\n\n<p>El domingo 25 de junio se llevar\u00e1 a cabo la Feria Flamenca y Ecuestre con el objetivo de recaudar fondos para brindar diagn\u00f3stico temprano a 50 ni\u00f1os con autismo en comunidades rurales y ofrecer terapia con equinoterapia a aquellos que lo necesiten.&nbsp;<\/p>\n\n\n\n<p>Ana Luz Van Eyck, la organizadora del evento, anunci\u00f3 que se llevar\u00e1 a cabo desde el mediod\u00eda hasta las 8 de la noche y beneficiar\u00e1 a ni\u00f1os de diversas localidades, como La Guada, Mata de Uva y Ant\u00f3n Lizardo.<\/p>\n\n\n\n<p>Se trata de un evento familiar que contar\u00e1 con inflables para beb\u00e9s y ni\u00f1os. La entrada incluir\u00e1 el descorche de todos los vinos, un programa art\u00edstico, una porci\u00f3n de paella, un espect\u00e1culo ecuestre y equino. El espect\u00e1culo presentar\u00e1 caballos de pura sangre, danza \u00e1rabe, flamenco, degustaci\u00f3n de vino y diversos artistas.<\/p>\n\n\n\n<p>Adem\u00e1s, se podr\u00e1n disfrutar de los sabores de la gastronom\u00eda veracruzana y habr\u00e1 juegos para los ni\u00f1os. Las organizadoras del evento recalcaron que los ingresos se destinar\u00e1n al diagn\u00f3stico temprano de ni\u00f1os con autismo. Su meta es llevar a cabo este evento anualmente. Se realizar\u00e1n exhibiciones de caballos bailarines y maniobras con los animales. Tambi\u00e9n habr\u00e1 una bailadora y una bailarina de danza \u00e1rabe en la pista.<\/p>\n\n\n\n<p>El evento se llevar\u00e1 a cabo en El Privilegio, en La Guada, donde se ofrecer\u00e1n todas las comodidades necesarias.&nbsp;<\/p>\n","protected":false},"excerpt":{"rendered":"<p>Jes\u00fas Utrilla \/ NV Noticias El domingo 25 de junio se llevar\u00e1 a cabo la Feria Flamenca y Ecuestre con el objetivo de recaudar fondos para brindar diagn\u00f3stico temprano a 50 ni\u00f1os con autismo en comunidades rurales y ofrecer terapia con equinoterapia a aquellos que lo necesiten.&nbsp; Ana Luz Van Eyck, la organizadora del evento, [&hellip;]<\/p>\n","protected":false},"author":8,"featured_media":109241,"comment_status":"open","ping_status":"open","sticky":false,"template":"","format":"standard","meta":{"_monsterinsights_skip_tracking":false,"_monsterinsights_sitenote_active":false,"_monsterinsights_sitenote_note":"","_monsterinsights_sitenote_category":0,"footnotes":""},"categories":[154],"tags":[2779,10639],"class_list":["post-109240","post","type-post","status-publish","format-standard","has-post-thumbnail","hentry","category-veracruz","tag-autismo","tag-evento","wp-image-borders"],"amp_enabled":true,"_links":{"self":[{"href":"https:\/\/nvnoticias.mx\/index.php\/wp-json\/wp\/v2\/posts\/109240","targetHints":{"allow":["GET"]}}],"collection":[{"href":"https:\/\/nvnoticias.mx\/index.php\/wp-json\/wp\/v2\/posts"}],"about":[{"href":"https:\/\/nvnoticias.mx\/index.php\/wp-json\/wp\/v2\/types\/post"}],"author":[{"embeddable":true,"href":"https:\/\/nvnoticias.mx\/index.php\/wp-json\/wp\/v2\/users\/8"}],"replies":[{"embeddable":true,"href":"https:\/\/nvnoticias.mx\/index.php\/wp-json\/wp\/v2\/comments?post=109240"}],"version-history":[{"count":1,"href":"https:\/\/nvnoticias.mx\/index.php\/wp-json\/wp\/v2\/posts\/109240\/revisions"}],"predecessor-version":[{"id":109242,"href":"https:\/\/nvnoticias.mx\/index.php\/wp-json\/wp\/v2\/posts\/109240\/revisions\/109242"}],"wp:featuredmedia":[{"embeddable":true,"href":"https:\/\/nvnoticias.mx\/index.php\/wp-json\/wp\/v2\/media\/109241"}],"wp:attachment":[{"href":"https:\/\/nvnoticias.mx\/index.php\/wp-json\/wp\/v2\/media?parent=109240"}],"wp:term":[{"taxonomy":"category","embeddable":true,"href":"https:\/\/nvnoticias.mx\/index.php\/wp-json\/wp\/v2\/categories?post=109240"},{"taxonomy":"post_tag","embeddable":true,"href":"https:\/\/nvnoticias.mx\/index.php\/wp-json\/wp\/v2\/tags?post=109240"}],"curies":[{"name":"wp","href":"https:\/\/api.w.org\/{rel}","templated":true}]}}