{"id":109227,"date":"2023-06-05T14:38:30","date_gmt":"2023-06-05T19:38:30","guid":{"rendered":"https:\/\/nvnoticias.mx\/?p=109227"},"modified":"2023-06-05T14:38:31","modified_gmt":"2023-06-05T19:38:31","slug":"se-observa-en-veracruz-un-aumento-en-los-casos-de-autismo","status":"publish","type":"post","link":"https:\/\/nvnoticias.mx\/index.php\/2023\/06\/05\/se-observa-en-veracruz-un-aumento-en-los-casos-de-autismo\/","title":{"rendered":"Se observa en Veracruz un aumento en los casos de autismo"},"content":{"rendered":"\n<p><strong>Jes\u00fas Utrilla \/ NV Noticias<\/strong><\/p>\n\n\n\n<p>En M\u00e9xico, y Veracruz, se ha observado un aumento en los casos de autismo, ya que aproximadamente 1 de cada 35 ni\u00f1os presenta este trastorno. Ver\u00f3nica Gil Gonz\u00e1lez, presidenta de la organizaci\u00f3n Coraz\u00f3n Sin Riendas, ha se\u00f1alado las dificultades que enfrentan las \u00e1reas rurales para detectar el autismo debido a la falta de instalaciones de salud y recursos econ\u00f3micos.<\/p>\n\n\n\n<p>Seg\u00fan Gil Gonz\u00e1lez, la detecci\u00f3n temprana del autismo es crucial, ya que aumenta las posibilidades de mejorar la integraci\u00f3n social del ni\u00f1o a trav\u00e9s de terapias adecuadas. Sin embargo, muchos ni\u00f1os en comunidades rurales no tienen acceso a un diagn\u00f3stico temprano.<\/p>\n\n\n\n<p>La preocupaci\u00f3n aumenta cuando estos ni\u00f1os llegan a la adolescencia, ya que el tratamiento en esta etapa no suele proporcionar cambios significativos en su integraci\u00f3n social. En muchas ocasiones, los ni\u00f1os con autismo en comunidades rurales son ignorados por sus propias familias.&nbsp;<\/p>\n\n\n\n<p>Seg\u00fan la Cl\u00ednica Mexicana de Autismo (CLIMA), la prevalencia de autismo es mayor en ni\u00f1os, siendo 4 de cada 5 casos hombres y 1 mujer.<\/p>\n\n\n\n<p>Aunque no se conocen las causas exactas del autismo y persisten algunos mitos al respecto, no existe a\u00fan un estudio cient\u00edfico concluyente sobre sus causas.&nbsp;<\/p>\n\n\n\n<p>Es importante destacar que el autismo es una condici\u00f3n con la que las personas nacen y no se adquiere posteriormente. Adem\u00e1s, existen tres niveles que describen la intensidad y el tipo de apoyo que cada persona con autismo requiere para llevar a cabo sus actividades diarias.<\/p>\n","protected":false},"excerpt":{"rendered":"<p>Jes\u00fas Utrilla \/ NV Noticias En M\u00e9xico, y Veracruz, se ha observado un aumento en los casos de autismo, ya que aproximadamente 1 de cada 35 ni\u00f1os presenta este trastorno. Ver\u00f3nica Gil Gonz\u00e1lez, presidenta de la organizaci\u00f3n Coraz\u00f3n Sin Riendas, ha se\u00f1alado las dificultades que enfrentan las \u00e1reas rurales para detectar el autismo debido a [&hellip;]<\/p>\n","protected":false},"author":8,"featured_media":109228,"comment_status":"open","ping_status":"open","sticky":false,"template":"","format":"standard","meta":{"_monsterinsights_skip_tracking":false,"_monsterinsights_sitenote_active":false,"_monsterinsights_sitenote_note":"","_monsterinsights_sitenote_category":0,"footnotes":""},"categories":[154],"tags":[2779,180],"class_list":["post-109227","post","type-post","status-publish","format-standard","has-post-thumbnail","hentry","category-veracruz","tag-autismo","tag-veracruz","wp-image-borders"],"amp_enabled":true,"_links":{"self":[{"href":"https:\/\/nvnoticias.mx\/index.php\/wp-json\/wp\/v2\/posts\/109227","targetHints":{"allow":["GET"]}}],"collection":[{"href":"https:\/\/nvnoticias.mx\/index.php\/wp-json\/wp\/v2\/posts"}],"about":[{"href":"https:\/\/nvnoticias.mx\/index.php\/wp-json\/wp\/v2\/types\/post"}],"author":[{"embeddable":true,"href":"https:\/\/nvnoticias.mx\/index.php\/wp-json\/wp\/v2\/users\/8"}],"replies":[{"embeddable":true,"href":"https:\/\/nvnoticias.mx\/index.php\/wp-json\/wp\/v2\/comments?post=109227"}],"version-history":[{"count":1,"href":"https:\/\/nvnoticias.mx\/index.php\/wp-json\/wp\/v2\/posts\/109227\/revisions"}],"predecessor-version":[{"id":109229,"href":"https:\/\/nvnoticias.mx\/index.php\/wp-json\/wp\/v2\/posts\/109227\/revisions\/109229"}],"wp:featuredmedia":[{"embeddable":true,"href":"https:\/\/nvnoticias.mx\/index.php\/wp-json\/wp\/v2\/media\/109228"}],"wp:attachment":[{"href":"https:\/\/nvnoticias.mx\/index.php\/wp-json\/wp\/v2\/media?parent=109227"}],"wp:term":[{"taxonomy":"category","embeddable":true,"href":"https:\/\/nvnoticias.mx\/index.php\/wp-json\/wp\/v2\/categories?post=109227"},{"taxonomy":"post_tag","embeddable":true,"href":"https:\/\/nvnoticias.mx\/index.php\/wp-json\/wp\/v2\/tags?post=109227"}],"curies":[{"name":"wp","href":"https:\/\/api.w.org\/{rel}","templated":true}]}}