{"id":109215,"date":"2023-06-05T13:50:19","date_gmt":"2023-06-05T18:50:19","guid":{"rendered":"https:\/\/nvnoticias.mx\/?p=109215"},"modified":"2023-06-05T13:50:21","modified_gmt":"2023-06-05T18:50:21","slug":"felicita-alfredo-del-mazo-a-delfina-gomez","status":"publish","type":"post","link":"https:\/\/nvnoticias.mx\/index.php\/2023\/06\/05\/felicita-alfredo-del-mazo-a-delfina-gomez\/","title":{"rendered":"Felicita Alfredo del Mazo a Delfina G\u00f3mez"},"content":{"rendered":"\n<p>El gobernador del Estado de M\u00e9xico,\u00a0<strong>Alfredo del Mazo Maza\u00a0<\/strong>felicit\u00f3 a la maestra<strong>\u00a0Delfina G\u00f3mez,<\/strong>\u00a0candidata de la candidatura com\u00fan Juntos Hacemos Historia, por los resultados alcanzados en la elecci\u00f3n de ayer.<\/p>\n\n\n\n<p>En un mensaje dirigido desde el patio central del Palacio de Gobierno mexiquense, le deseo \u00e9xito en su gobierno para que le vaya bien al Estado de M\u00e9xico y a los mexiquenses.<\/p>\n\n\n\n<blockquote class=\"wp-block-quote is-layout-flow wp-block-quote-is-layout-flow\"><p>&#8220;Esta es ya una lecci\u00f3n hist\u00f3rica que tiene como resultado a la mujer que<strong>\u00a0ser\u00e1 la primera gobernadora del Estado de M\u00e9xico<\/strong>, en un ejercicio de responsabilidad iniciaremos los trabajos de transici\u00f3n, una vez que haya concluido la autoridad electoral y se declare el final del proceso electoral&#8221;.<\/p><\/blockquote>\n\n\n\n<p>Tambi\u00e9n reconoci\u00f3 a la candidata del PRI, &#8220;de mi partido&#8221;, Alejandra del Moral Vela, por su gran desempe\u00f1o, por su entrega, por los resultados obtenidos.<\/p>\n\n\n\n<p><\/p>\n\n\n\n<blockquote class=\"wp-block-quote is-layout-flow wp-block-quote-is-layout-flow\"><p>&#8220;Reconozco que su campa\u00f1a fue de propuestas, de unidad, pensando siempre en el bienestar del Estado de M\u00e9xico&#8221;, Destac\u00f3<\/p><\/blockquote>\n\n\n\n<p>Fuente:<a href=\"https:\/\/www.eluniversal.com.mx\/elecciones\/alfredo-del-mazo-felicita-a-delfina-gomez-sera-la-primera-gobernadora-del-estado-de-mexico\/\" data-type=\"URL\" data-id=\"https:\/\/www.eluniversal.com.mx\/elecciones\/alfredo-del-mazo-felicita-a-delfina-gomez-sera-la-primera-gobernadora-del-estado-de-mexico\/\"> El Universal<\/a> <\/p>\n","protected":false},"excerpt":{"rendered":"<p>El gobernador del Estado de M\u00e9xico,\u00a0Alfredo del Mazo Maza\u00a0felicit\u00f3 a la maestra\u00a0Delfina G\u00f3mez,\u00a0candidata de la candidatura com\u00fan Juntos Hacemos Historia, por los resultados alcanzados en la elecci\u00f3n de ayer. En un mensaje dirigido desde el patio central del Palacio de Gobierno mexiquense, le deseo \u00e9xito en su gobierno para que le vaya bien al Estado [&hellip;]<\/p>\n","protected":false},"author":35,"featured_media":32863,"comment_status":"open","ping_status":"open","sticky":false,"template":"","format":"standard","meta":{"_monsterinsights_skip_tracking":false,"_monsterinsights_sitenote_active":false,"_monsterinsights_sitenote_note":"","_monsterinsights_sitenote_category":0,"footnotes":""},"categories":[158],"tags":[7607,8784,9321],"class_list":["post-109215","post","type-post","status-publish","format-standard","has-post-thumbnail","hentry","category-politica","tag-alfredo-del-mazo","tag-delfina-gomez","tag-felicita","wp-image-borders"],"amp_enabled":true,"_links":{"self":[{"href":"https:\/\/nvnoticias.mx\/index.php\/wp-json\/wp\/v2\/posts\/109215","targetHints":{"allow":["GET"]}}],"collection":[{"href":"https:\/\/nvnoticias.mx\/index.php\/wp-json\/wp\/v2\/posts"}],"about":[{"href":"https:\/\/nvnoticias.mx\/index.php\/wp-json\/wp\/v2\/types\/post"}],"author":[{"embeddable":true,"href":"https:\/\/nvnoticias.mx\/index.php\/wp-json\/wp\/v2\/users\/35"}],"replies":[{"embeddable":true,"href":"https:\/\/nvnoticias.mx\/index.php\/wp-json\/wp\/v2\/comments?post=109215"}],"version-history":[{"count":3,"href":"https:\/\/nvnoticias.mx\/index.php\/wp-json\/wp\/v2\/posts\/109215\/revisions"}],"predecessor-version":[{"id":109218,"href":"https:\/\/nvnoticias.mx\/index.php\/wp-json\/wp\/v2\/posts\/109215\/revisions\/109218"}],"wp:featuredmedia":[{"embeddable":true,"href":"https:\/\/nvnoticias.mx\/index.php\/wp-json\/wp\/v2\/media\/32863"}],"wp:attachment":[{"href":"https:\/\/nvnoticias.mx\/index.php\/wp-json\/wp\/v2\/media?parent=109215"}],"wp:term":[{"taxonomy":"category","embeddable":true,"href":"https:\/\/nvnoticias.mx\/index.php\/wp-json\/wp\/v2\/categories?post=109215"},{"taxonomy":"post_tag","embeddable":true,"href":"https:\/\/nvnoticias.mx\/index.php\/wp-json\/wp\/v2\/tags?post=109215"}],"curies":[{"name":"wp","href":"https:\/\/api.w.org\/{rel}","templated":true}]}}