{"id":109113,"date":"2023-06-04T13:11:23","date_gmt":"2023-06-04T18:11:23","guid":{"rendered":"https:\/\/nvnoticias.mx\/?p=109113"},"modified":"2023-06-04T13:11:24","modified_gmt":"2023-06-04T18:11:24","slug":"salsa-fest-genero-empleos-temporales-asegura-canirac","status":"publish","type":"post","link":"https:\/\/nvnoticias.mx\/index.php\/2023\/06\/04\/salsa-fest-genero-empleos-temporales-asegura-canirac\/","title":{"rendered":"Salsa Fest gener\u00f3 empleos temporales, asegura Canirac"},"content":{"rendered":"\n<p>Veracruz. &#8211; El Salsa Fest dejar\u00e1 una derrama econ\u00f3mica importante en lugares tur\u00edsticos y restaurantes de la zona conurbada, lo que genera una gran expectativa en el sector tur\u00edstico, se\u00f1al\u00f3 el presidente de la C\u00e1mara Nacional de la industria Restaurantera y Alimentos Condimentados (Canirac) en Veracruz, Marcel Van Eyck.<\/p>\n\n\n\n<p>Indic\u00f3 que se estima que llegaron unas 500 mil personas a este evento, por lo que los restauranteros ofertaron al menos 400 vacantes eventuales.<\/p>\n\n\n\n<p>Destac\u00f3 que cada restaurante necesit\u00f3 contratar una o dos personas de manera temporal.<\/p>\n\n\n\n<blockquote class=\"wp-block-quote is-layout-flow wp-block-quote-is-layout-flow\"><p>&#8220;Para ese festival y en general, tenemos una bolsa de vacantes bastante grande y siempre estamos contratando gente temporal\u201d.<\/p><\/blockquote>\n\n\n\n<p>Record\u00f3 que el a\u00f1o pasado la asistencia fue de 350 mil personas y gracias a la difusi\u00f3n de este a\u00f1o, se super\u00f3 esa cantidad.<\/p>\n\n\n\n<p>Afirm\u00f3 que el evento est\u00e1 creciendo como uno de los mejores festivales de salsa del mundo, por lo que se vuelve un detonante econ\u00f3mico muy alto para Veracruz.<\/p>\n\n\n\n<p>Asegur\u00f3 que el sector se prepar\u00f3 para ofrecer una gran variedad de alimentos y servicios a los asistentes, tanto turistas como p\u00fablico en general.<\/p>\n\n\n\n<blockquote class=\"wp-block-quote is-layout-flow wp-block-quote-is-layout-flow\"><p>&#8220;Nosotros tenemos siempre muy buenas ofertas, muy buenas promociones para nuestros visitantes\u201d.<\/p><\/blockquote>\n","protected":false},"excerpt":{"rendered":"<p>Veracruz. &#8211; El Salsa Fest dejar\u00e1 una derrama econ\u00f3mica importante en lugares tur\u00edsticos y restaurantes de la zona conurbada, lo que genera una gran expectativa en el sector tur\u00edstico, se\u00f1al\u00f3 el presidente de la C\u00e1mara Nacional de la industria Restaurantera y Alimentos Condimentados (Canirac) en Veracruz, Marcel Van Eyck. Indic\u00f3 que se estima que llegaron [&hellip;]<\/p>\n","protected":false},"author":6,"featured_media":26828,"comment_status":"open","ping_status":"open","sticky":false,"template":"","format":"standard","meta":{"_monsterinsights_skip_tracking":false,"_monsterinsights_sitenote_active":false,"_monsterinsights_sitenote_note":"","_monsterinsights_sitenote_category":0,"footnotes":""},"categories":[154],"tags":[1627,22872],"class_list":["post-109113","post","type-post","status-publish","format-standard","has-post-thumbnail","hentry","category-veracruz","tag-canirac","tag-salsa-fest-2023","wp-image-borders"],"amp_enabled":true,"_links":{"self":[{"href":"https:\/\/nvnoticias.mx\/index.php\/wp-json\/wp\/v2\/posts\/109113","targetHints":{"allow":["GET"]}}],"collection":[{"href":"https:\/\/nvnoticias.mx\/index.php\/wp-json\/wp\/v2\/posts"}],"about":[{"href":"https:\/\/nvnoticias.mx\/index.php\/wp-json\/wp\/v2\/types\/post"}],"author":[{"embeddable":true,"href":"https:\/\/nvnoticias.mx\/index.php\/wp-json\/wp\/v2\/users\/6"}],"replies":[{"embeddable":true,"href":"https:\/\/nvnoticias.mx\/index.php\/wp-json\/wp\/v2\/comments?post=109113"}],"version-history":[{"count":1,"href":"https:\/\/nvnoticias.mx\/index.php\/wp-json\/wp\/v2\/posts\/109113\/revisions"}],"predecessor-version":[{"id":109114,"href":"https:\/\/nvnoticias.mx\/index.php\/wp-json\/wp\/v2\/posts\/109113\/revisions\/109114"}],"wp:featuredmedia":[{"embeddable":true,"href":"https:\/\/nvnoticias.mx\/index.php\/wp-json\/wp\/v2\/media\/26828"}],"wp:attachment":[{"href":"https:\/\/nvnoticias.mx\/index.php\/wp-json\/wp\/v2\/media?parent=109113"}],"wp:term":[{"taxonomy":"category","embeddable":true,"href":"https:\/\/nvnoticias.mx\/index.php\/wp-json\/wp\/v2\/categories?post=109113"},{"taxonomy":"post_tag","embeddable":true,"href":"https:\/\/nvnoticias.mx\/index.php\/wp-json\/wp\/v2\/tags?post=109113"}],"curies":[{"name":"wp","href":"https:\/\/api.w.org\/{rel}","templated":true}]}}