{"id":109096,"date":"2023-06-04T12:23:01","date_gmt":"2023-06-04T17:23:01","guid":{"rendered":"https:\/\/nvnoticias.mx\/?p=109096"},"modified":"2023-06-04T12:23:01","modified_gmt":"2023-06-04T17:23:01","slug":"se-unen-irak-y-siria-para-combatir-el-narcotrafico","status":"publish","type":"post","link":"https:\/\/nvnoticias.mx\/index.php\/2023\/06\/04\/se-unen-irak-y-siria-para-combatir-el-narcotrafico\/","title":{"rendered":"Se unen Irak y Siria para combatir el narcotr\u00e1fico"},"content":{"rendered":"\n<p>El Ministro de Exteriores iraqu\u00ed, Fuad Husein, anunci\u00f3 este domingo la coordinaci\u00f3n con Siria para combatir el narcotr\u00e1fico, un anuncio que se produce durante la primera visita a Bagdad del jefe de la diplomacia sirio, Faisal al Miqdad, despu\u00e9s del regreso de Siria&nbsp;a la Liga \u00c1rabe tras doce a\u00f1os de suspensi\u00f3n.<\/p>\n\n\n\n<blockquote class=\"wp-block-quote is-layout-flow wp-block-quote-is-layout-flow\"><p>&#8220;Hay coordinaci\u00f3n y colaboraci\u00f3n conjunta con la parte siria para combatir el narcotr\u00e1fico y se espera trabajar tambi\u00e9n con los pa\u00edses vecinos en este sentido&#8221;, indic\u00f3 en una rueda de prensa el ministro de exteriores iraqu\u00ed con su hom\u00f3logo sirio.<\/p><\/blockquote>\n\n\n\n<p>Recalc\u00f3, por otra parte, que Irak adopta una postura &#8220;firme&#8221; en apoyo al pueblo sirio porque la situaci\u00f3n humanitaria en el pa\u00eds es &#8220;muy dif\u00edcil&#8221;, por lo que se requiere &#8220;una movilizaci\u00f3n regional e internacional ante la situaci\u00f3n en Siria&#8221;.<\/p>\n\n\n\n<p>En esta l\u00ednea, asever\u00f3 que la pr\u00f3xima fase de colaboraci\u00f3n entre ambos pa\u00edses tratar\u00e1 de hacer llegar m\u00e1s ayuda humanitaria a Siria.<\/p>\n\n\n\n<p>Por su parte, Al Miqdad afirm\u00f3 que Bagdad y Damasco&nbsp;&#8220;tienen una postura unificada ante los retos actuales&#8221; y confirm\u00f3 que trabajar\u00e1n por &#8220;combatir el terrorismo y aniquilar el peligro del narcotr\u00e1fico&#8221;.<\/p>\n\n\n\n<p>De esta forma, ambos ponen el foco en acabar con el tr\u00e1fico del estimulante sint\u00e9tico captag\u00f3n, producido principalmente en Siria, donde se ha convertido en un negocio multimillonario que supuestamente reporta grandes beneficios al r\u00e9gimen del presidente sirio, Bachar al Asad, y que los pa\u00edses \u00e1rabes utilizan ahora como ficha de negociaci\u00f3n en su reconciliaci\u00f3n con Damasco.<\/p>\n\n\n\n<p>La principal v\u00edctima del &#8220;captag\u00f3n&#8221; sirio es la rica y conservadora Arabia Saud\u00ed, pa\u00eds que castiga hasta con la pena capital a los condenados por narcotr\u00e1fico, y que anuncia casi a diario haber abortado intentos de introducir grandes cantidades de estas pastillas al pa\u00eds, como hace dos semanas cuando localiz\u00f3 medio mill\u00f3n de unidades en el puerto.<\/p>\n\n\n\n<p>Este encuentro entre ambos mandatarios para definir su colaboraci\u00f3n en la lucha contra el narcotr\u00e1fico se enmarca en la primera visita que realiza Al Miqdad a Irak desde que Siria fue readmitida en el seno de la Liga \u00c1rabe a principios de mayo.<\/p>\n\n\n\n<p>Bagdad, que se ha erigido en los \u00faltimos a\u00f1os como uno de los pa\u00edses mediadores entre sus vecinos de Oriente Medio, estuvo pujando con vehemencia para el retorno de Siria al organismo pan\u00e1rabe y para una reconciliaci\u00f3n entre la regi\u00f3n y el gobierno del presidente sirio Bachar al Asad.<\/p>\n\n\n\n<p>De hecho, el pasado 27 de mayo el ministro de Transporte sirio, Zouhair Khzeim, ya acudi\u00f3 a la capital iraqu\u00ed en el marco de una conferencia de desarrollo econ\u00f3mico.<\/p>\n\n\n\n<p>La Liga \u00c1rabe levant\u00f3 hace tres semanas la suspensi\u00f3n impuesta a Siria en 2011 debido a la represi\u00f3n con la que Damasco respondi\u00f3 a las revueltas populares iniciadas aquel a\u00f1o en su contra, y anunci\u00f3 el compromiso de luchar contra el narcotr\u00e1fico y el terrorismo en Siria de forma conjunta.<\/p>\n\n\n\n<p>Poco despu\u00e9s del anuncio, Al Asad tom\u00f3 parte en una cumbre de jefes de Estado de la entidad pan\u00e1rabe en Yeda, en el oeste de Arabia Saud\u00ed, marcando su regreso a la arena pol\u00edtica de Oriente Medio tras casi doce a\u00f1os de repudio.<\/p>\n\n\n\n<p>Fuente: <a href=\"https:\/\/www.milenio.com\/internacional\/irak-siria-anuncian-colaboracion-combatir-narcotrafico\">Milenio<\/a><\/p>\n","protected":false},"excerpt":{"rendered":"<p>El Ministro de Exteriores iraqu\u00ed, Fuad Husein, anunci\u00f3 este domingo la coordinaci\u00f3n con Siria para combatir el narcotr\u00e1fico, un anuncio que se produce durante la primera visita a Bagdad del jefe de la diplomacia sirio, Faisal al Miqdad, despu\u00e9s del regreso de Siria&nbsp;a la Liga \u00c1rabe tras doce a\u00f1os de suspensi\u00f3n. &#8220;Hay coordinaci\u00f3n y colaboraci\u00f3n [&hellip;]<\/p>\n","protected":false},"author":6,"featured_media":109097,"comment_status":"open","ping_status":"open","sticky":false,"template":"","format":"standard","meta":{"_monsterinsights_skip_tracking":false,"_monsterinsights_sitenote_active":false,"_monsterinsights_sitenote_note":"","_monsterinsights_sitenote_category":0,"footnotes":""},"categories":[181],"tags":[1775,1912,1772],"class_list":["post-109096","post","type-post","status-publish","format-standard","has-post-thumbnail","hentry","category-internacional","tag-irak-2","tag-narcotrafico","tag-siria","wp-image-borders"],"amp_enabled":true,"_links":{"self":[{"href":"https:\/\/nvnoticias.mx\/index.php\/wp-json\/wp\/v2\/posts\/109096","targetHints":{"allow":["GET"]}}],"collection":[{"href":"https:\/\/nvnoticias.mx\/index.php\/wp-json\/wp\/v2\/posts"}],"about":[{"href":"https:\/\/nvnoticias.mx\/index.php\/wp-json\/wp\/v2\/types\/post"}],"author":[{"embeddable":true,"href":"https:\/\/nvnoticias.mx\/index.php\/wp-json\/wp\/v2\/users\/6"}],"replies":[{"embeddable":true,"href":"https:\/\/nvnoticias.mx\/index.php\/wp-json\/wp\/v2\/comments?post=109096"}],"version-history":[{"count":1,"href":"https:\/\/nvnoticias.mx\/index.php\/wp-json\/wp\/v2\/posts\/109096\/revisions"}],"predecessor-version":[{"id":109098,"href":"https:\/\/nvnoticias.mx\/index.php\/wp-json\/wp\/v2\/posts\/109096\/revisions\/109098"}],"wp:featuredmedia":[{"embeddable":true,"href":"https:\/\/nvnoticias.mx\/index.php\/wp-json\/wp\/v2\/media\/109097"}],"wp:attachment":[{"href":"https:\/\/nvnoticias.mx\/index.php\/wp-json\/wp\/v2\/media?parent=109096"}],"wp:term":[{"taxonomy":"category","embeddable":true,"href":"https:\/\/nvnoticias.mx\/index.php\/wp-json\/wp\/v2\/categories?post=109096"},{"taxonomy":"post_tag","embeddable":true,"href":"https:\/\/nvnoticias.mx\/index.php\/wp-json\/wp\/v2\/tags?post=109096"}],"curies":[{"name":"wp","href":"https:\/\/api.w.org\/{rel}","templated":true}]}}