{"id":109070,"date":"2023-06-04T11:22:11","date_gmt":"2023-06-04T16:22:11","guid":{"rendered":"https:\/\/nvnoticias.mx\/?p=109070"},"modified":"2023-06-04T11:22:28","modified_gmt":"2023-06-04T16:22:28","slug":"corredor-interoceanico-elevara-la-competitividad-sur-sureste-pais","status":"publish","type":"post","link":"https:\/\/nvnoticias.mx\/index.php\/2023\/06\/04\/corredor-interoceanico-elevara-la-competitividad-sur-sureste-pais\/","title":{"rendered":"Corredor Interoce\u00e1nico elevar\u00e1 la competitividad del sur- sureste del pa\u00eds"},"content":{"rendered":"\n<p><strong>Jes\u00fas Utrilla |<\/strong> <strong>NV Noticias<\/strong>&nbsp;<\/p>\n\n\n\n<p>Veracruz. &#8211; El sur- sureste del pa\u00eds puede ser una oportunidad para que las empresas importen materia prima, las transformen y exporten. Gerardo C\u00e1rdenas Hern\u00e1ndez, presidente del Consejo Empresarial Mexicano de Comercio Exterior (Comce), se\u00f1al\u00f3 que a trav\u00e9s de la maquila se puede ser competitivo ya que el Corredor Interoce\u00e1nico del Istmo de Tehuantepec puede tener un impacto significativo en la industria de la maquila, proporcionando oportunidades de crecimiento econ\u00f3mico y empleo en la regi\u00f3n.<\/p>\n\n\n\n<p>Adem\u00e1s el sur- sureste de M\u00e9xico puede convertirse en un desarrollo econ\u00f3mico que genere empleos y que sea un muro de contenci\u00f3n de la riqueza.<\/p>\n\n\n\n<blockquote class=\"wp-block-quote is-layout-flow wp-block-quote-is-layout-flow\"><p>\u00a0\u201cMe parece que en el sur- sureste somos maquiladores y deber\u00edamos agregar valor. Es decir, que las empresas sean para importar materia prima, transformarla y exportarla. Seguimos con el enfoque de maquiladores y M\u00e9xico esa parte la puede dar y en particular el sur \u2013sureste pero se requiere mucha capacitaci\u00f3n t\u00e9cnica de la gente para lograr lo que busca el gobierno norteamericano\u201d.<\/p><\/blockquote>\n\n\n\n<p>Record\u00f3 que un objetivo del Corredor Interoce\u00e1nico del Istmo de Tehuantepec es atender el fen\u00f3meno migratorio, incluso por ello Estados Unidos se encuentra interesado en el desarrollo del sur- sureste de M\u00e9xico.<\/p>\n\n\n\n<p>El corredor Interoce\u00e1nico tambi\u00e9n ha generado un impacto significativo en el \u00e1mbito migratorio. La construcci\u00f3n de infraestructuras de esta magnitud conlleva la movilizaci\u00f3n de trabajadores y personas en busca de oportunidades laborales. La migraci\u00f3n se ha convertido en un fen\u00f3meno asociado a este proyecto, ya que muchas personas, tanto nacionales como extranjeras, buscan empleo en las obras de construcci\u00f3n y en las industrias que se desarrollar\u00e1n a lo largo del corredor.<\/p>\n\n\n\n<blockquote class=\"wp-block-quote is-layout-flow wp-block-quote-is-layout-flow\"><p>\u201cQue se convierta en un muro natural de desarrollo econ\u00f3mico para que esa gente no tenga que ir a Estados Unidos pero lo m\u00e1s importante es aprovechar los recursos y el potencial enorme que tiene el sur y que no tiene el centro y norte, aunque el centro y norte destacaron con parques industriales y capacitaci\u00f3n. Han logrado salir adelante con el T-MEC pero tenemos todo en el sur para competir en las grandes ligas\u201d.<\/p><\/blockquote>\n\n\n\n<p>El corredor Interoce\u00e1nico es un proyecto que busca conectar los oc\u00e9anos Pac\u00edfico y Atl\u00e1ntico a trav\u00e9s de una v\u00eda de comunicaci\u00f3n terrestre en M\u00e9xico. Tiene como objetivo impulsar el desarrollo econ\u00f3mico y la conectividad de la regi\u00f3n, fomentando el comercio y la inversi\u00f3n tanto a nivel nacional como internacional.<\/p>\n","protected":false},"excerpt":{"rendered":"<p>Jes\u00fas Utrilla | NV Noticias&nbsp; Veracruz. &#8211; El sur- sureste del pa\u00eds puede ser una oportunidad para que las empresas importen materia prima, las transformen y exporten. Gerardo C\u00e1rdenas Hern\u00e1ndez, presidente del Consejo Empresarial Mexicano de Comercio Exterior (Comce), se\u00f1al\u00f3 que a trav\u00e9s de la maquila se puede ser competitivo ya que el Corredor Interoce\u00e1nico [&hellip;]<\/p>\n","protected":false},"author":6,"featured_media":63895,"comment_status":"open","ping_status":"open","sticky":false,"template":"","format":"standard","meta":{"_monsterinsights_skip_tracking":false,"_monsterinsights_sitenote_active":false,"_monsterinsights_sitenote_note":"","_monsterinsights_sitenote_category":0,"footnotes":""},"categories":[154],"tags":[1595],"class_list":["post-109070","post","type-post","status-publish","format-standard","has-post-thumbnail","hentry","category-veracruz","tag-corredor-interoceanico","wp-image-borders"],"amp_enabled":true,"_links":{"self":[{"href":"https:\/\/nvnoticias.mx\/index.php\/wp-json\/wp\/v2\/posts\/109070","targetHints":{"allow":["GET"]}}],"collection":[{"href":"https:\/\/nvnoticias.mx\/index.php\/wp-json\/wp\/v2\/posts"}],"about":[{"href":"https:\/\/nvnoticias.mx\/index.php\/wp-json\/wp\/v2\/types\/post"}],"author":[{"embeddable":true,"href":"https:\/\/nvnoticias.mx\/index.php\/wp-json\/wp\/v2\/users\/6"}],"replies":[{"embeddable":true,"href":"https:\/\/nvnoticias.mx\/index.php\/wp-json\/wp\/v2\/comments?post=109070"}],"version-history":[{"count":2,"href":"https:\/\/nvnoticias.mx\/index.php\/wp-json\/wp\/v2\/posts\/109070\/revisions"}],"predecessor-version":[{"id":109072,"href":"https:\/\/nvnoticias.mx\/index.php\/wp-json\/wp\/v2\/posts\/109070\/revisions\/109072"}],"wp:featuredmedia":[{"embeddable":true,"href":"https:\/\/nvnoticias.mx\/index.php\/wp-json\/wp\/v2\/media\/63895"}],"wp:attachment":[{"href":"https:\/\/nvnoticias.mx\/index.php\/wp-json\/wp\/v2\/media?parent=109070"}],"wp:term":[{"taxonomy":"category","embeddable":true,"href":"https:\/\/nvnoticias.mx\/index.php\/wp-json\/wp\/v2\/categories?post=109070"},{"taxonomy":"post_tag","embeddable":true,"href":"https:\/\/nvnoticias.mx\/index.php\/wp-json\/wp\/v2\/tags?post=109070"}],"curies":[{"name":"wp","href":"https:\/\/api.w.org\/{rel}","templated":true}]}}