{"id":109044,"date":"2023-06-03T19:40:08","date_gmt":"2023-06-04T00:40:08","guid":{"rendered":"https:\/\/nvnoticias.mx\/?p=109044"},"modified":"2023-06-03T19:40:09","modified_gmt":"2023-06-04T00:40:09","slug":"lula-vs-lopez-obrador","status":"publish","type":"post","link":"https:\/\/nvnoticias.mx\/index.php\/2023\/06\/03\/lula-vs-lopez-obrador\/","title":{"rendered":"Lula vs L\u00f3pez Obrador"},"content":{"rendered":"\n<p><strong>Ricardo Homs<\/strong><\/p>\n\n\n\n<p>El presidente Luiz Inacio Lula da Silva empieza a brillar en la escena internacional a tan s\u00f3lo cinco meses de haber asumido por segunda vez la presidencia de la Rep\u00fablica de Brasil.<\/p>\n\n\n\n<p>Es parad\u00f3jico que mientras el presidente L\u00f3pez Obrador era declarado persona non grata por el gobierno de Per\u00fa, -e intercambiaba declaraciones ofensivas con la presidenta de ese pa\u00eds, Dina Boluarte-, el presidente Lula manten\u00eda una larga conversaci\u00f3n con su hom\u00f3logo Vladimir Putin, -de Rusia-, tratando de mediar para desactivar el conflicto de ese pa\u00eds con Ucrania.<\/p>\n\n\n\n<p>Este ejemplo ubica en su justa dimensi\u00f3n el \u00e1mbito del impacto de estos dos perfiles de liderazgo.<\/p>\n\n\n\n<p>Mientras M\u00e9xico se ha mantenido en el ostracismo internacional durante este gobierno, -con una evidente ausencia de nuestro presidente en los foros internacionales-, el Brasil de Lula se perfila para convertirse en cabeza moral de la regi\u00f3n.<\/p>\n\n\n\n<p>Lula es de esos gobernantes carism\u00e1ticos que suelen coquetear con el populismo, como lo acaba de hacer con la desafortunada declaraci\u00f3n de que Venezuela ha enfrentado una narrativa negativa de antidemocracia y autoritarismo, -construida desde el exterior-, con lo cual pretendi\u00f3 desestimar las denuncias sobre violaciones de derechos humanos y de falta de democracia que pesan contra el gobierno de Nicol\u00e1s Maduro.<\/p>\n\n\n\n<p>Sus genes socialistas le empujan a la demagogia, pero en los hechos sus pol\u00edticas internas han sido constructivas y evitan la confrontaci\u00f3n. Ha gobernado para todos los brasile\u00f1os, tanto para los que votaron por \u00e9l, como para los que prefirieron a sus opositores.<\/p>\n\n\n\n<p>Desde esta perspectiva, Lula ha demostrado ser un estadista, -indudablemente de izquierda-, pero respetuoso de las reglas democr\u00e1ticas y de la autonom\u00eda de los otros poderes.<\/p>\n\n\n\n<p>Sus resultados como presidente le avalan, pues durante su primer periodo sac\u00f3 de la pobreza a casi 30 millones de brasile\u00f1os e impuls\u00f3 el surgimiento de la llamada \u201cnueva clase media\u201d, generando empleos y convirtiendo a Brasil en una de las econom\u00edas emergentes de mayor crecimiento.<\/p>\n\n\n\n<p>Lula termin\u00f3 su mandato con un porcentaje de aprobaci\u00f3n ciudadana del 82%.<\/p>\n\n\n\n<p>Definitivamente, Lula logr\u00f3 resultados en su anterior presidencia porque logr\u00f3 conjuntar un buen equipo de colaboradores cercanos, a los que dej\u00f3 tomar decisiones, mientras \u00e9l se dedicaba a lo suyo: endulzar el o\u00eddo de las clases populares utilizando la demagogia populista.<\/p>\n\n\n\n<p>Mientras el presidente L\u00f3pez Obrador se form\u00f3 en las filas del pri\u00edsmo hegem\u00f3nico de los a\u00f1os setenta, y en su juventud lleg\u00f3 a encabezar el PRI en Tabasco, Lula siempre fue un sindicalista que desafi\u00f3 al poder y la dictadura militar e impuls\u00f3 en febrero de 1980 la fundaci\u00f3n del PT, -Partido del Trabajo-, \u00fanica organizaci\u00f3n pol\u00edtica a la que ha pertenecido.<\/p>\n\n\n\n<p>Siendo l\u00edder del sector metal\u00fargico fue encarcelado en abril de 1980 para destrabar una huelga que \u00e9l hab\u00eda iniciado en la zona metropolitana de Sao Paulo, que ya estaba afectando a todo Brasil. No hubo mandato judicial de por medio.<\/p>\n\n\n\n<p>Eran los tiempos del general Joao Figueiredo como cabeza de la dictadura militar que agonizaba.<\/p>\n\n\n\n<p>Por ello podemos describir que Lula viene de aquellos dem\u00f3cratas que vivieron el fin de la dictadura militar brasile\u00f1a, iniciada en 1964 y concluida por la presi\u00f3n social en 1985.<\/p>\n\n\n\n<p>En contraste, L\u00f3pez Obrador nace como l\u00edder social con la toma de pozos petroleros de Tabasco.<\/p>\n\n\n\n<p>Los or\u00edgenes y el contexto de cada quien determinan sus actitudes pol\u00edticas.<\/p>\n\n\n\n<p>Durante cuatro a\u00f1os el presidente L\u00f3pez Obrador intent\u00f3 asumir el liderazgo de Am\u00e9rica Latina aprovechando la ausencia de l\u00edderes carism\u00e1ticos en el gobierno de los otros pa\u00edses de esta regi\u00f3n, y que Jair Bolsonaro, -presidente de Brasil-, careciese de tacto pol\u00edtico para abanderar causas.<\/p>\n\n\n\n<p>Sin embargo, el presidente L\u00f3pez Obrador intent\u00f3 asumir el liderazgo tomando como estrategia la confrontaci\u00f3n y la provocaci\u00f3n de conflictos, como ha sucedido recientemente con la presidenta Dina Boluarte, -de Per\u00fa-, o cuando \u00e9l no asisti\u00f3 a la IX Cumbre de las Am\u00e9ricas, realizada en Los \u00c1ngeles, California, del seis al diez de junio del 2022, -organizada por la OEA-, para obligar a Estados Unidos y la OEA a aceptar la asistencia de quienes encabezan las dictaduras latinoamericanas.<\/p>\n\n\n\n<p>Ni qu\u00e9 decir de las reiteradas criticas subidas de tono a la OEA y a la ONU, descalificando la autoridad moral de ambas instituciones.<\/p>\n\n\n\n<p>Seguramente el presidente Lula, -con mucha mano izquierda y visi\u00f3n pol\u00edtica de alto alcance-, capitalizar\u00e1 los errores diplom\u00e1ticos de M\u00e9xico, -agravados por las declaraciones hechas por nuestro presidente-, y lograr\u00e1 consolidarse como el l\u00edder regional.<\/p>\n\n\n\n<p>MADRES BUSCADORAS<\/p>\n\n\n\n<p>La violencia criminal en contra de madres buscadoras ha llegado al l\u00edmite.<\/p>\n\n\n\n<p>El grado de indefensi\u00f3n y vulnerabilidad de estas luchadoras sociales contrasta con la indiferencia del gobierno federal y los gobiernos estatales y por ello han optado por intentar sensibilizar a los verdugos de sus hijos, de sus parejas y de sus familiares desaparecidos.<\/p>\n\n\n\n<p>La respuesta del presidente deb\u00eda haber sido emotiva y determinante. La responsabilidad de todo gobierno, -en cualquier parte del mundo-, es proteger a los ciudadanos de cualquier riesgo posible.<\/p>\n\n\n\n<p>Los ciudadanos hubi\u00e9semos esperado que ante un llamado tan dram\u00e1tico y desesperado de este colectivo de \u201cmadres buscadoras\u201d, el presidente hubiese sacado la casta y ordenase un agresivo programa de blindaje para proteger a estas bravas y admirables mujeres.<\/p>\n\n\n\n<p>Sin embargo, m\u00e1s bien parece que \u00e9l considera que la mejor soluci\u00f3n \u2026 ser\u00e1 rendirse a la negociaci\u00f3n para alcanzar la pax narca.<\/p>\n\n\n\n<p>Muchos l\u00edderes de opini\u00f3n hacen referencia a negociaciones realizadas entre grupos criminales y los gobiernos de varios pa\u00edses. Sin embargo, estos acuerdos, -realizados en lo oscurito porque no tienen sustento moral ni legal-, han sido pr\u00e1cticos porque se realizan desde la posici\u00f3n de fortaleza gubernamental, para responder con fuerza si la delincuencia no cumple los acuerdos.<\/p>\n\n\n\n<p>En nuestro caso, -como pa\u00eds-, la delincuencia le ha perdido respeto a la autoridad y ya hay zonas territoriales donde tienen el control absoluto y las fuerzas armadas no ingresan a esos territorios.<\/p>\n\n\n\n<p>Lograr acuerdos entre el Estado Mexicano y la delincuencia, s\u00f3lo significar\u00eda dar una tregua en la cual los delincuentes se fortalecer\u00edan a\u00fan m\u00e1s para enfrentar a las autoridades leg\u00edtimas.<\/p>\n\n\n\n<p>Adem\u00e1s, \u00bfcon quien negociar\u00eda el gobierno federal? Hoy la delincuencia est\u00e1 fragmentada en muchos c\u00e1rteles regionales. Negociar con unos, significar\u00eda asociarse con ellos para minimizar a sus adversarios, lo cual convertir\u00eda al gobierno en c\u00f3mplice.<\/p>\n\n\n\n<p>Sin embargo, es muy importante entender el profundo dolor que est\u00e1 detr\u00e1s de esta propuesta desesperada de las madres buscadoras. Este llamado de ellas a los verdugos de sus familiares significa frustraci\u00f3n e impotencia al sentirse traicionadas por un gobierno indiferente e irresponsable.<\/p>\n\n\n\n<p>SI QUIEREN\u2026 QUE SE QUITEN LOS CALZONES<\/p>\n\n\n\n<p>Esta declaraci\u00f3n de Ana Gabriela Guevara, -titular de la CONADE-, en contra de las integrantes de la selecci\u00f3n nacional de nado art\u00edstico, dice mucho m\u00e1s de lo que se ha interpretado p\u00fablicamente. Es una declaraci\u00f3n en contra del deporte, pero tambi\u00e9n vulnera la intimidad femenina desde el punto de vista de los significados que los mexicanos damos al \u201cdoble sentido\u201d con que utilizamos nuestro lenguaje.<\/p>\n\n\n\n<p>El significado le da un sentido morboso a la ofensa. Esa es la soberbia que siempre tiene el funcionario p\u00fablico de alto nivel que sabe que tiene poder para impulsar o frenar la carrera de alguien.<\/p>\n\n\n\n<p>Estas declaraciones \u00bfno reflejan la misma prepotencia que asum\u00edan los funcionarios p\u00fablicos de antes? Cabe preguntar: \u00bfD\u00f3nde est\u00e1 la diferencia?<\/p>\n\n\n\n<p>\u00bfA usted qu\u00e9 le parece?<\/p>\n\n\n\n<p>Facebook: @Ricardo.Homs1<\/p>\n\n\n\n<p>Twitter: @homsricardo<\/p>\n\n\n\n<p>Linkedin: Ricardo Homs<\/p>\n\n\n\n<p>www.ricardohoms.com<\/p>\n","protected":false},"excerpt":{"rendered":"<p>Ricardo Homs El presidente Luiz Inacio Lula da Silva empieza a brillar en la escena internacional a tan s\u00f3lo cinco meses de haber asumido por segunda vez la presidencia de la Rep\u00fablica de Brasil. Es parad\u00f3jico que mientras el presidente L\u00f3pez Obrador era declarado persona non grata por el gobierno de Per\u00fa, -e intercambiaba declaraciones [&hellip;]<\/p>\n","protected":false},"author":18,"featured_media":109045,"comment_status":"open","ping_status":"open","sticky":false,"template":"","format":"standard","meta":{"_monsterinsights_skip_tracking":false,"_monsterinsights_sitenote_active":false,"_monsterinsights_sitenote_note":"","_monsterinsights_sitenote_category":0,"footnotes":""},"categories":[246],"tags":[173],"class_list":["post-109044","post","type-post","status-publish","format-standard","has-post-thumbnail","hentry","category-ricardo-homs","tag-ricardo-homs","wp-image-borders"],"amp_enabled":true,"_links":{"self":[{"href":"https:\/\/nvnoticias.mx\/index.php\/wp-json\/wp\/v2\/posts\/109044","targetHints":{"allow":["GET"]}}],"collection":[{"href":"https:\/\/nvnoticias.mx\/index.php\/wp-json\/wp\/v2\/posts"}],"about":[{"href":"https:\/\/nvnoticias.mx\/index.php\/wp-json\/wp\/v2\/types\/post"}],"author":[{"embeddable":true,"href":"https:\/\/nvnoticias.mx\/index.php\/wp-json\/wp\/v2\/users\/18"}],"replies":[{"embeddable":true,"href":"https:\/\/nvnoticias.mx\/index.php\/wp-json\/wp\/v2\/comments?post=109044"}],"version-history":[{"count":1,"href":"https:\/\/nvnoticias.mx\/index.php\/wp-json\/wp\/v2\/posts\/109044\/revisions"}],"predecessor-version":[{"id":109046,"href":"https:\/\/nvnoticias.mx\/index.php\/wp-json\/wp\/v2\/posts\/109044\/revisions\/109046"}],"wp:featuredmedia":[{"embeddable":true,"href":"https:\/\/nvnoticias.mx\/index.php\/wp-json\/wp\/v2\/media\/109045"}],"wp:attachment":[{"href":"https:\/\/nvnoticias.mx\/index.php\/wp-json\/wp\/v2\/media?parent=109044"}],"wp:term":[{"taxonomy":"category","embeddable":true,"href":"https:\/\/nvnoticias.mx\/index.php\/wp-json\/wp\/v2\/categories?post=109044"},{"taxonomy":"post_tag","embeddable":true,"href":"https:\/\/nvnoticias.mx\/index.php\/wp-json\/wp\/v2\/tags?post=109044"}],"curies":[{"name":"wp","href":"https:\/\/api.w.org\/{rel}","templated":true}]}}