{"id":108997,"date":"2023-06-03T18:02:08","date_gmt":"2023-06-03T23:02:08","guid":{"rendered":"https:\/\/nvnoticias.mx\/?p=108997"},"modified":"2023-06-03T18:02:08","modified_gmt":"2023-06-03T23:02:08","slug":"velan-a-bella-sara-menor-que-murio-tras-caerle-una-porteria-en-la-ejido-primero-de-mayo-norte","status":"publish","type":"post","link":"https:\/\/nvnoticias.mx\/index.php\/2023\/06\/03\/velan-a-bella-sara-menor-que-murio-tras-caerle-una-porteria-en-la-ejido-primero-de-mayo-norte\/","title":{"rendered":"Velan a Bella Sara, menor que muri\u00f3 tras caerle una porter\u00eda en la Ejido Primero de Mayo Norte"},"content":{"rendered":"\n<p>Bella Sara una menor de 12 a\u00f1os que muri\u00f3 mientras jugaba f\u00fatbol en la unidad deportiva Los Pinitos de la colonia Ejido Primero de Mayo Norte, en Boca del R\u00edo, es velada este s\u00e1bado por su familia y amigos.<\/p>\n\n\n\n<p>Iba en sexto de primaria y estaba a punto de iniciar una nueva etapa de su vida, iba a entrar a la secundaria<\/p>\n\n\n\n<p>A unas cuadras de la unidad deportiva, que, a decir de vecinos, se encuentra abandonada desde la pandemia, es velada la menor.<\/p>\n\n\n\n<p>Su familia afectada por este hecho, rechaz\u00f3 hablar con los medios de comunicaci\u00f3n.<\/p>\n\n\n\n<p>En la sala de su casa en la colonia Ejido Primero de Mayo Norte, en un ata\u00fad blanco es velada Bella Sara, algunas flores rodean el f\u00e9retro.<\/p>\n\n\n\n<p>Compa\u00f1eros de escuela de Bella Sara, quien termin\u00f3 la primaria, llegaron la tarde de este s\u00e1bado al velorio vestidos de blanco, para acompa\u00f1ar a la familia y despedir a su amiga y compa\u00f1era.<\/p>\n\n\n\n<p>La tarde noche del viernes Bella Sara jugaba en la cancha de futbol de la unidad deportiva Los Pinitos, lugar al que acudi\u00f3 en compa\u00f1\u00eda de otros compa\u00f1eros para festejar el fin del ciclo escolar.<\/p>\n\n\n\n<p>Fue en este lugar que una de las porter\u00edas que se encuentra con una parte corro\u00edda por el \u00f3xido y la cual no estaba fija a la cancha sint\u00e9tica, cay\u00f3 golpeando a la menor en la cabeza.<\/p>\n\n\n\n<div class=\"wp-block-image\"><figure class=\"aligncenter size-large\"><img loading=\"lazy\" decoding=\"async\" width=\"1024\" height=\"768\" src=\"https:\/\/nvnoticias.mx\/wp-content\/uploads\/2023\/06\/WhatsApp-Image-2023-06-03-at-4.28.58-PM-1-1024x768.jpeg\" alt=\"\" class=\"wp-image-108998\" srcset=\"https:\/\/nvnoticias.mx\/wp-content\/uploads\/2023\/06\/WhatsApp-Image-2023-06-03-at-4.28.58-PM-1-1024x768.jpeg 1024w, https:\/\/nvnoticias.mx\/wp-content\/uploads\/2023\/06\/WhatsApp-Image-2023-06-03-at-4.28.58-PM-1-300x225.jpeg 300w, https:\/\/nvnoticias.mx\/wp-content\/uploads\/2023\/06\/WhatsApp-Image-2023-06-03-at-4.28.58-PM-1-768x576.jpeg 768w, https:\/\/nvnoticias.mx\/wp-content\/uploads\/2023\/06\/WhatsApp-Image-2023-06-03-at-4.28.58-PM-1-1536x1152.jpeg 1536w, https:\/\/nvnoticias.mx\/wp-content\/uploads\/2023\/06\/WhatsApp-Image-2023-06-03-at-4.28.58-PM-1.jpeg 1600w\" sizes=\"auto, (max-width: 1024px) 100vw, 1024px\" \/><\/figure><\/div>\n\n\n\n<p>Por este hecho el gobierno municipal se\u00f1al\u00f3 que la unidad deportiva se encuentra cerrada debido a trabajos de mantenimiento.<\/p>\n\n\n\n<p>Sin embargo, vecinos de la zona aseguran que la unidad deportiva est\u00e1 en abandono desde la pandemia, sin luminarias que funcionen, la malla que rodea la unidad est\u00e1 ca\u00edda en varios tramos, las puertas y ventanas de los sanitarios fueron desvalijadas, incluso la de la cafeter\u00eda, donde se alcanza a observa un refrigerador de una compa\u00f1\u00eda refresquera.<\/p>\n\n\n\n<p>Unas botellas de cerveza se alcanzan a ver afuera de la que operaba como cafeter\u00eda y donde vecinos refieren se meten personas a tener relaciones.<\/p>\n\n\n\n<div class=\"wp-block-image\"><figure class=\"aligncenter size-large\"><img loading=\"lazy\" decoding=\"async\" width=\"1024\" height=\"768\" src=\"https:\/\/nvnoticias.mx\/wp-content\/uploads\/2023\/06\/WhatsApp-Image-2023-06-03-at-4.28.59-PM-1024x768.jpeg\" alt=\"\" class=\"wp-image-108999\" srcset=\"https:\/\/nvnoticias.mx\/wp-content\/uploads\/2023\/06\/WhatsApp-Image-2023-06-03-at-4.28.59-PM-1024x768.jpeg 1024w, https:\/\/nvnoticias.mx\/wp-content\/uploads\/2023\/06\/WhatsApp-Image-2023-06-03-at-4.28.59-PM-300x225.jpeg 300w, https:\/\/nvnoticias.mx\/wp-content\/uploads\/2023\/06\/WhatsApp-Image-2023-06-03-at-4.28.59-PM-768x576.jpeg 768w, https:\/\/nvnoticias.mx\/wp-content\/uploads\/2023\/06\/WhatsApp-Image-2023-06-03-at-4.28.59-PM-1536x1152.jpeg 1536w, https:\/\/nvnoticias.mx\/wp-content\/uploads\/2023\/06\/WhatsApp-Image-2023-06-03-at-4.28.59-PM.jpeg 1600w\" sizes=\"auto, (max-width: 1024px) 100vw, 1024px\" \/><\/figure><\/div>\n\n\n\n<p>Bella Sara y sus compa\u00f1eros no eran las \u00fanicas personas que ingresaban a esta unidad pues es la \u00fanica qu\u00e9 hay en la zona, por lo que varios j\u00f3venes la segu\u00edan utilizando pese al estado de abandono.<\/p>\n\n\n\n<p>Incluso uno de los vecinos afirm\u00f3 que meses atr\u00e1s la porter\u00eda hab\u00eda golpeado a un joven de bachillerato pero no en la cabeza.<\/p>\n\n\n\n<p>Junto a la porter\u00eda ca\u00edda fueron colocadas dos celadoras blancas. La menor ser\u00e1 sepultada este domingo.<\/p>\n","protected":false},"excerpt":{"rendered":"<p>Bella Sara una menor de 12 a\u00f1os que muri\u00f3 mientras jugaba f\u00fatbol en la unidad deportiva Los Pinitos de la colonia Ejido Primero de Mayo Norte, en Boca del R\u00edo, es velada este s\u00e1bado por su familia y amigos. Iba en sexto de primaria y estaba a punto de iniciar una nueva etapa de su [&hellip;]<\/p>\n","protected":false},"author":8,"featured_media":109000,"comment_status":"open","ping_status":"open","sticky":false,"template":"","format":"standard","meta":{"_monsterinsights_skip_tracking":false,"_monsterinsights_sitenote_active":false,"_monsterinsights_sitenote_note":"","_monsterinsights_sitenote_category":0,"footnotes":""},"categories":[154],"tags":[25573,423,25574,162],"class_list":["post-108997","post","type-post","status-publish","format-standard","has-post-thumbnail","hentry","category-veracruz","tag-bella-sara","tag-boca-del-rio","tag-ejido-primero-de-mayo-norte","tag-portada","wp-image-borders"],"amp_enabled":true,"_links":{"self":[{"href":"https:\/\/nvnoticias.mx\/index.php\/wp-json\/wp\/v2\/posts\/108997","targetHints":{"allow":["GET"]}}],"collection":[{"href":"https:\/\/nvnoticias.mx\/index.php\/wp-json\/wp\/v2\/posts"}],"about":[{"href":"https:\/\/nvnoticias.mx\/index.php\/wp-json\/wp\/v2\/types\/post"}],"author":[{"embeddable":true,"href":"https:\/\/nvnoticias.mx\/index.php\/wp-json\/wp\/v2\/users\/8"}],"replies":[{"embeddable":true,"href":"https:\/\/nvnoticias.mx\/index.php\/wp-json\/wp\/v2\/comments?post=108997"}],"version-history":[{"count":1,"href":"https:\/\/nvnoticias.mx\/index.php\/wp-json\/wp\/v2\/posts\/108997\/revisions"}],"predecessor-version":[{"id":109001,"href":"https:\/\/nvnoticias.mx\/index.php\/wp-json\/wp\/v2\/posts\/108997\/revisions\/109001"}],"wp:featuredmedia":[{"embeddable":true,"href":"https:\/\/nvnoticias.mx\/index.php\/wp-json\/wp\/v2\/media\/109000"}],"wp:attachment":[{"href":"https:\/\/nvnoticias.mx\/index.php\/wp-json\/wp\/v2\/media?parent=108997"}],"wp:term":[{"taxonomy":"category","embeddable":true,"href":"https:\/\/nvnoticias.mx\/index.php\/wp-json\/wp\/v2\/categories?post=108997"},{"taxonomy":"post_tag","embeddable":true,"href":"https:\/\/nvnoticias.mx\/index.php\/wp-json\/wp\/v2\/tags?post=108997"}],"curies":[{"name":"wp","href":"https:\/\/api.w.org\/{rel}","templated":true}]}}