{"id":108985,"date":"2023-06-03T17:15:05","date_gmt":"2023-06-03T22:15:05","guid":{"rendered":"https:\/\/nvnoticias.mx\/?p=108985"},"modified":"2023-06-03T17:15:05","modified_gmt":"2023-06-03T22:15:05","slug":"integran-en-veracruz-los-comites-municipales-en-apoyo-a-marcelo-ebrard","status":"publish","type":"post","link":"https:\/\/nvnoticias.mx\/index.php\/2023\/06\/03\/integran-en-veracruz-los-comites-municipales-en-apoyo-a-marcelo-ebrard\/","title":{"rendered":"Integran en Veracruz los comit\u00e9s municipales en apoyo a Marcelo Ebrard"},"content":{"rendered":"\n<p><strong>Jes\u00fas Utrilla \/ NV Noticias<\/strong><\/p>\n\n\n\n<p>Diana Le\u00f3n, dirigente nacional de la Esperanza con Marcelo, visit\u00f3 Veracruz para reconocer y tomar juramento a los comit\u00e9s municipales que respaldan al secretario de Relaciones Exteriores, Marcelo Ebrard Casaub\u00f3n.<\/p>\n\n\n\n<p>Dijo que hay alrededor de&nbsp;&nbsp;20 agrupaciones nacionales que respaldan al canciller como candidato de Morena rumbo a la renovaci\u00f3n de la Presidencia de la Rep\u00fablica.<\/p>\n\n\n\n<blockquote class=\"wp-block-quote is-layout-flow wp-block-quote-is-layout-flow\"><p>&#8220;<em>Tenemos presencia en todo el pa\u00eds y actualmente nos hemos organizado en 15 estados de la Rep\u00fablica. Somos ciudadanos y ciudadanas que nos hemos unido porque no somos representantes ni nos dictan una l\u00ednea. Somos compa\u00f1eros y compa\u00f1eras que hemos decidido llevar el mensaje de que Marcelo es la opci\u00f3n para la ciudadan\u00eda<\/em>&#8220;.<\/p><\/blockquote>\n\n\n\n<p>Se mostr\u00f3 segura de que Marcelo Ebrard ganar\u00e1 la encuesta de Morena para convertirse en el candidato del partido en 2024 y rechaz\u00f3 la idea de que el presidente tenga preferencias.<\/p>\n\n\n\n<p>Asimismo dijo que las elecciones que tendr\u00e1n lugar este domingo en el Estado de M\u00e9xico no marcar\u00e1n el inicio de la renovaci\u00f3n de la Presidencia de la Rep\u00fablica. Sin embargo, los seguidores de Morena conf\u00edan en la victoria de Delfina G\u00f3mez.<\/p>\n\n\n\n<blockquote class=\"wp-block-quote is-layout-flow wp-block-quote-is-layout-flow\"><p><em>&#8220;Hagamos memoria, en 2017 se perdi\u00f3 el Estado de M\u00e9xico, fue un robo. A pesar de eso, ganamos la Presidencia, as\u00ed que no est\u00e1n relacionados. Los seguidores de Marcelo apoyamos a la profesora Delfina y creemos que ganar\u00e1 este domingo en el Estado de M\u00e9xico. Esta vez s\u00ed vamos a triunfar all\u00ed<\/em>&#8220;, concluy\u00f3.\u00a0<\/p><\/blockquote>\n","protected":false},"excerpt":{"rendered":"<p>Jes\u00fas Utrilla \/ NV Noticias Diana Le\u00f3n, dirigente nacional de la Esperanza con Marcelo, visit\u00f3 Veracruz para reconocer y tomar juramento a los comit\u00e9s municipales que respaldan al secretario de Relaciones Exteriores, Marcelo Ebrard Casaub\u00f3n. Dijo que hay alrededor de&nbsp;&nbsp;20 agrupaciones nacionales que respaldan al canciller como candidato de Morena rumbo a la renovaci\u00f3n de [&hellip;]<\/p>\n","protected":false},"author":8,"featured_media":108986,"comment_status":"open","ping_status":"open","sticky":false,"template":"","format":"standard","meta":{"_monsterinsights_skip_tracking":false,"_monsterinsights_sitenote_active":false,"_monsterinsights_sitenote_note":"","_monsterinsights_sitenote_category":0,"footnotes":""},"categories":[154],"tags":[25571,391,180],"class_list":["post-108985","post","type-post","status-publish","format-standard","has-post-thumbnail","hentry","category-veracruz","tag-comites-municipales","tag-marcelo-ebrard","tag-veracruz","wp-image-borders"],"amp_enabled":true,"_links":{"self":[{"href":"https:\/\/nvnoticias.mx\/index.php\/wp-json\/wp\/v2\/posts\/108985","targetHints":{"allow":["GET"]}}],"collection":[{"href":"https:\/\/nvnoticias.mx\/index.php\/wp-json\/wp\/v2\/posts"}],"about":[{"href":"https:\/\/nvnoticias.mx\/index.php\/wp-json\/wp\/v2\/types\/post"}],"author":[{"embeddable":true,"href":"https:\/\/nvnoticias.mx\/index.php\/wp-json\/wp\/v2\/users\/8"}],"replies":[{"embeddable":true,"href":"https:\/\/nvnoticias.mx\/index.php\/wp-json\/wp\/v2\/comments?post=108985"}],"version-history":[{"count":1,"href":"https:\/\/nvnoticias.mx\/index.php\/wp-json\/wp\/v2\/posts\/108985\/revisions"}],"predecessor-version":[{"id":108987,"href":"https:\/\/nvnoticias.mx\/index.php\/wp-json\/wp\/v2\/posts\/108985\/revisions\/108987"}],"wp:featuredmedia":[{"embeddable":true,"href":"https:\/\/nvnoticias.mx\/index.php\/wp-json\/wp\/v2\/media\/108986"}],"wp:attachment":[{"href":"https:\/\/nvnoticias.mx\/index.php\/wp-json\/wp\/v2\/media?parent=108985"}],"wp:term":[{"taxonomy":"category","embeddable":true,"href":"https:\/\/nvnoticias.mx\/index.php\/wp-json\/wp\/v2\/categories?post=108985"},{"taxonomy":"post_tag","embeddable":true,"href":"https:\/\/nvnoticias.mx\/index.php\/wp-json\/wp\/v2\/tags?post=108985"}],"curies":[{"name":"wp","href":"https:\/\/api.w.org\/{rel}","templated":true}]}}