{"id":108951,"date":"2023-06-02T16:44:04","date_gmt":"2023-06-02T21:44:04","guid":{"rendered":"https:\/\/nvnoticias.mx\/?p=108951"},"modified":"2023-06-02T16:44:05","modified_gmt":"2023-06-02T21:44:05","slug":"dan-de-alta-a-daniel-bisogno","status":"publish","type":"post","link":"https:\/\/nvnoticias.mx\/index.php\/2023\/06\/02\/dan-de-alta-a-daniel-bisogno\/","title":{"rendered":"Dan de alta a Daniel Bisogno"},"content":{"rendered":"\n<p>El pasado lunes 29 de mayo, el conductor de &#8220;Ventaneando&#8221;,<strong>\u00a0Daniel Bisogno<\/strong>, caus\u00f3 preocupaci\u00f3n entre la audiencia cuando su colega <strong>Pati Chapoy<\/strong> inform\u00f3 en un programa en vivo que hab\u00eda sido hospitalizado de emergencia por graves complicaciones de salud. Sin embargo, recientes noticias brindan un alivio, ya que fue ella misma quien confirm\u00f3 que &#8220;El mu\u00f1e&#8221; fue dado de alta.<\/p>\n\n\n\n<p>Anteriormente, se inform\u00f3 que Bisogno hab\u00eda experimentado molestias el viernes 26 y busc\u00f3 atenci\u00f3n m\u00e9dica al d\u00eda siguiente. Los especialistas determinaron que sufr\u00eda de una falla hep\u00e1tica, lo que llev\u00f3 a su traslado al hospital para evitar una posible ruptura de las varices esof\u00e1gicas.<\/p>\n\n\n\n<p>Aunque su estado era delicado, los m\u00e9dicos estaban controlando la situaci\u00f3n de manera satisfactoria, seg\u00fan inform\u00f3 Chapoy. Sin embargo, poco despu\u00e9s del informe, surgieron rumores en redes sociales y TikTok sobre la muerte de Daniel, los cuales fueron r\u00e1pidamente desmentidos por miembros del programa.<\/p>\n\n\n\n<p>En la transmisi\u00f3n del programa este 2 de junio, los conductores brindaron m\u00e1s detalles sobre la condici\u00f3n de Daniel.<\/p>\n\n\n\n<p>Chapoy revel\u00f3 que Bisogno ya se encuentra en su casa y en un estado m\u00e1s estable.<\/p>\n\n\n\n<blockquote class=\"wp-block-quote is-layout-flow wp-block-quote-is-layout-flow\"><p>&#8220;Dando la parte m\u00e9dica del programa de &#8220;Ventaneando&#8221;, tal y como lo dijo Pedro hace un momento, ya dieron de alta a Daniel Bisogno&#8221;, expres\u00f3.<\/p><\/blockquote>\n\n\n\n<p>A pesar de la buena noticia, se inform\u00f3 que el conductor debe reposar en su hogar durante unos d\u00edas: &#8220;Porque no fue nada sencillo, no le sacaron la muela. Lo que est\u00e1 ocurriendo es algo realmente delicado y serio&#8221;, comparti\u00f3.<\/p>\n\n\n\n<p>Fuente: <a href=\"https:\/\/www.eluniversal.com.mx\/espectaculos\/daniel-bisogno-ya-fue-dado-de-alta-confirma-paty-chapoy\/\" data-type=\"URL\" data-id=\"https:\/\/www.eluniversal.com.mx\/espectaculos\/daniel-bisogno-ya-fue-dado-de-alta-confirma-paty-chapoy\/\">El Universal<\/a><\/p>\n","protected":false},"excerpt":{"rendered":"<p>El pasado lunes 29 de mayo, el conductor de &#8220;Ventaneando&#8221;,\u00a0Daniel Bisogno, caus\u00f3 preocupaci\u00f3n entre la audiencia cuando su colega Pati Chapoy inform\u00f3 en un programa en vivo que hab\u00eda sido hospitalizado de emergencia por graves complicaciones de salud. Sin embargo, recientes noticias brindan un alivio, ya que fue ella misma quien confirm\u00f3 que &#8220;El mu\u00f1e&#8221; [&hellip;]<\/p>\n","protected":false},"author":35,"featured_media":108393,"comment_status":"open","ping_status":"open","sticky":false,"template":"","format":"standard","meta":{"_monsterinsights_skip_tracking":false,"_monsterinsights_sitenote_active":false,"_monsterinsights_sitenote_note":"","_monsterinsights_sitenote_category":0,"footnotes":""},"categories":[576],"tags":[25482,25566],"class_list":["post-108951","post","type-post","status-publish","format-standard","has-post-thumbnail","hentry","category-ocio","tag-daniel-bisogno","tag-de-alta","wp-image-borders"],"amp_enabled":true,"_links":{"self":[{"href":"https:\/\/nvnoticias.mx\/index.php\/wp-json\/wp\/v2\/posts\/108951","targetHints":{"allow":["GET"]}}],"collection":[{"href":"https:\/\/nvnoticias.mx\/index.php\/wp-json\/wp\/v2\/posts"}],"about":[{"href":"https:\/\/nvnoticias.mx\/index.php\/wp-json\/wp\/v2\/types\/post"}],"author":[{"embeddable":true,"href":"https:\/\/nvnoticias.mx\/index.php\/wp-json\/wp\/v2\/users\/35"}],"replies":[{"embeddable":true,"href":"https:\/\/nvnoticias.mx\/index.php\/wp-json\/wp\/v2\/comments?post=108951"}],"version-history":[{"count":1,"href":"https:\/\/nvnoticias.mx\/index.php\/wp-json\/wp\/v2\/posts\/108951\/revisions"}],"predecessor-version":[{"id":108952,"href":"https:\/\/nvnoticias.mx\/index.php\/wp-json\/wp\/v2\/posts\/108951\/revisions\/108952"}],"wp:featuredmedia":[{"embeddable":true,"href":"https:\/\/nvnoticias.mx\/index.php\/wp-json\/wp\/v2\/media\/108393"}],"wp:attachment":[{"href":"https:\/\/nvnoticias.mx\/index.php\/wp-json\/wp\/v2\/media?parent=108951"}],"wp:term":[{"taxonomy":"category","embeddable":true,"href":"https:\/\/nvnoticias.mx\/index.php\/wp-json\/wp\/v2\/categories?post=108951"},{"taxonomy":"post_tag","embeddable":true,"href":"https:\/\/nvnoticias.mx\/index.php\/wp-json\/wp\/v2\/tags?post=108951"}],"curies":[{"name":"wp","href":"https:\/\/api.w.org\/{rel}","templated":true}]}}