{"id":108911,"date":"2023-06-02T14:15:20","date_gmt":"2023-06-02T19:15:20","guid":{"rendered":"https:\/\/nvnoticias.mx\/?p=108911"},"modified":"2023-06-02T14:15:21","modified_gmt":"2023-06-02T19:15:21","slug":"vendedores-ambulantes-del-malecon-se-manifestaron-para-que-los-dejaran-vender","status":"publish","type":"post","link":"https:\/\/nvnoticias.mx\/index.php\/2023\/06\/02\/vendedores-ambulantes-del-malecon-se-manifestaron-para-que-los-dejaran-vender\/","title":{"rendered":"Vendedores ambulantes del malec\u00f3n se manifestaron para que los dejaran vender"},"content":{"rendered":"\n<p><strong>Jes\u00fas Utrilla \/ NV Noticias<\/strong><\/p>\n\n\n\n<p>Comerciantes de la zona del Malecon de Veracruz se inconformaron debido a que la autoridad municipal no les permit\u00eda laborar los d\u00edas viernes, s\u00e1bado y domingo por la presencia de una expo.<\/p>\n\n\n\n<p>Hortensia Ramos, quien se dedica a las artesan\u00edas y elaboraci\u00f3n de trenzas, record\u00f3 que viven de sus ingresos diarios y no trabajar tres d\u00edas implica no poder solventar durante dicho tiempo los gastos familiares.<\/p>\n\n\n\n<p>\u00danicamente pod\u00edan llevarse a los clientes a una zona apartada generando desconfianza.<\/p>\n\n\n\n<blockquote class=\"wp-block-quote is-layout-flow wp-block-quote-is-layout-flow\"><p>\u201c<em>Los d\u00edas fuertes son viernes, s\u00e1bado y domingo y adem\u00e1s apenas fue la quincena entones nos afecta. Nos quitan a nosotros y ponen a otras personas a trabajar. Ellos tienen necesidad, pero tambi\u00e9n nosotros. No nos dejan trabajar ni caminando ni nada<\/em>\u201d.<\/p><\/blockquote>\n\n\n\n<p>Por su parte Lucia P\u00e9rez Pacheco, comerciante de la tercera edad, se\u00f1al\u00f3 que sus permisos son para vender sombreros y blusas bordadas, sin embargo, cuando el Ayuntamiento de Veracruz retir\u00f3 los puestos fijos de la zona del malec\u00f3n, permiti\u00f3 que siguieran ofreciendo sus productos pero caminando y en su caso es dif\u00edcil porque no puede cargar y&nbsp;&nbsp;se encuentra enferma del coraz\u00f3n.<\/p>\n\n\n\n<p>Cabe mencionar que finalmente llegaron a un acuerdo con las autoridades municipales y se les permiti\u00f3 que continuaran trabajando este fin de semana, pero de manera ambulante.<\/p>\n","protected":false},"excerpt":{"rendered":"<p>Jes\u00fas Utrilla \/ NV Noticias Comerciantes de la zona del Malecon de Veracruz se inconformaron debido a que la autoridad municipal no les permit\u00eda laborar los d\u00edas viernes, s\u00e1bado y domingo por la presencia de una expo. Hortensia Ramos, quien se dedica a las artesan\u00edas y elaboraci\u00f3n de trenzas, record\u00f3 que viven de sus ingresos [&hellip;]<\/p>\n","protected":false},"author":8,"featured_media":108912,"comment_status":"open","ping_status":"open","sticky":false,"template":"","format":"standard","meta":{"_monsterinsights_skip_tracking":false,"_monsterinsights_sitenote_active":false,"_monsterinsights_sitenote_note":"","_monsterinsights_sitenote_category":0,"footnotes":""},"categories":[154],"tags":[2738,5049],"class_list":["post-108911","post","type-post","status-publish","format-standard","has-post-thumbnail","hentry","category-veracruz","tag-malecon-de-veracruz","tag-vendedores-ambulantes","wp-image-borders"],"amp_enabled":true,"_links":{"self":[{"href":"https:\/\/nvnoticias.mx\/index.php\/wp-json\/wp\/v2\/posts\/108911","targetHints":{"allow":["GET"]}}],"collection":[{"href":"https:\/\/nvnoticias.mx\/index.php\/wp-json\/wp\/v2\/posts"}],"about":[{"href":"https:\/\/nvnoticias.mx\/index.php\/wp-json\/wp\/v2\/types\/post"}],"author":[{"embeddable":true,"href":"https:\/\/nvnoticias.mx\/index.php\/wp-json\/wp\/v2\/users\/8"}],"replies":[{"embeddable":true,"href":"https:\/\/nvnoticias.mx\/index.php\/wp-json\/wp\/v2\/comments?post=108911"}],"version-history":[{"count":1,"href":"https:\/\/nvnoticias.mx\/index.php\/wp-json\/wp\/v2\/posts\/108911\/revisions"}],"predecessor-version":[{"id":108913,"href":"https:\/\/nvnoticias.mx\/index.php\/wp-json\/wp\/v2\/posts\/108911\/revisions\/108913"}],"wp:featuredmedia":[{"embeddable":true,"href":"https:\/\/nvnoticias.mx\/index.php\/wp-json\/wp\/v2\/media\/108912"}],"wp:attachment":[{"href":"https:\/\/nvnoticias.mx\/index.php\/wp-json\/wp\/v2\/media?parent=108911"}],"wp:term":[{"taxonomy":"category","embeddable":true,"href":"https:\/\/nvnoticias.mx\/index.php\/wp-json\/wp\/v2\/categories?post=108911"},{"taxonomy":"post_tag","embeddable":true,"href":"https:\/\/nvnoticias.mx\/index.php\/wp-json\/wp\/v2\/tags?post=108911"}],"curies":[{"name":"wp","href":"https:\/\/api.w.org\/{rel}","templated":true}]}}