{"id":108899,"date":"2023-06-02T13:51:47","date_gmt":"2023-06-02T18:51:47","guid":{"rendered":"https:\/\/nvnoticias.mx\/?p=108899"},"modified":"2023-06-02T13:51:49","modified_gmt":"2023-06-02T18:51:49","slug":"tasa-de-desempleo-en-eu-sube-en-mayo","status":"publish","type":"post","link":"https:\/\/nvnoticias.mx\/index.php\/2023\/06\/02\/tasa-de-desempleo-en-eu-sube-en-mayo\/","title":{"rendered":"Tasa de desempleo en EU sube en mayo"},"content":{"rendered":"\n<p>El <strong>desempleo en Estados Unidos<\/strong> aument\u00f3 en 440 mil personas en mayo, lo que situ\u00f3 la tasa de desempleo en 3.7%, tres d\u00e9cimas por encima de la de abril, seg\u00fan datos publicados este viernes por la <strong>Oficina de Estad\u00edsticas Laborales<\/strong> (BLS, en ingl\u00e9s).<\/p>\n\n\n\n<p>En el quinto mes del a\u00f1o se crearon 339 mil empleos netos, 86 mil m\u00e1s que en abril, en un momento en el que se analizan de cerca los efectos que est\u00e1n teniendo en el <strong>mercado laboral<\/strong> las subidas de tipos de inter\u00e9s por parte de la Reserva Federal (<strong>Fed<\/strong>) para frenar la <a href=\"https:\/\/www.eluniversal.com.mx\/tag\/inflacion\/\" target=\"_blank\" rel=\"noreferrer noopener\"><strong>inflaci\u00f3n<\/strong><\/a>.<\/p>\n\n\n\n<p>El desempleo volvi\u00f3 a subir, despu\u00e9s de dos meses consecutivos en que disminuy\u00f3, lo que parece indicar que las subidas de las <strong>tasas de inter\u00e9s<\/strong> est\u00e1n enfriando el mercado laboral.<\/p>\n\n\n\n<p>Las mujeres y las personas afroamericanas son los dos <strong>grupos demogr\u00e1ficos <\/strong>en los que m\u00e1s creci\u00f3 el <strong>desempleo<\/strong>, con tasas de 3.3% y 5.6%, respectivamente, seg\u00fan los datos de la BLS.<\/p>\n\n\n\n<p>Los nuevos <strong>puestos de trabajo <\/strong>creados en mayo, sin embargo, correspondieron a las industrias de negocios, el sector salud, la construcci\u00f3n, el transporte y almacenamiento y la asistencia social.<\/p>\n\n\n\n<p>Los datos de desempleo se conocen d\u00edas despu\u00e9s de que <strong>EU <\/strong>confirmara un <strong>enfriamiento en su econom\u00eda<\/strong> al mantener el c\u00e1lculo de un 0.3% para el crecimiento intertrimestral entre enero y marzo, tres d\u00e9cimas por debajo del registrado en los \u00faltimos tres meses de 2022.<\/p>\n\n\n\n<p>A principios de mes, la <strong>Reserva Federal<\/strong> (<strong>Fed<\/strong>) subi\u00f3 en 0.25 puntos el tipo de inter\u00e9s oficial hasta situarlo en una horquilla de entre el 5% y el 5.25%, su <strong>tasa m\u00e1s alta <\/strong>en 15 a\u00f1os.<\/p>\n\n\n\n<p>Fuente: <a href=\"https:\/\/www.eluniversal.com.mx\/cartera\/tasa-de-desempleo-en-eu-sube-en-mayo-queda-en-37\/\" data-type=\"URL\" data-id=\"https:\/\/www.eluniversal.com.mx\/cartera\/tasa-de-desempleo-en-eu-sube-en-mayo-queda-en-37\/\">El Universal<\/a><\/p>\n","protected":false},"excerpt":{"rendered":"<p>El desempleo en Estados Unidos aument\u00f3 en 440 mil personas en mayo, lo que situ\u00f3 la tasa de desempleo en 3.7%, tres d\u00e9cimas por encima de la de abril, seg\u00fan datos publicados este viernes por la Oficina de Estad\u00edsticas Laborales (BLS, en ingl\u00e9s). En el quinto mes del a\u00f1o se crearon 339 mil empleos netos, [&hellip;]<\/p>\n","protected":false},"author":35,"featured_media":1468,"comment_status":"open","ping_status":"open","sticky":false,"template":"","format":"standard","meta":{"_monsterinsights_skip_tracking":false,"_monsterinsights_sitenote_active":false,"_monsterinsights_sitenote_note":"","_monsterinsights_sitenote_category":0,"footnotes":""},"categories":[181],"tags":[1015,183,3267,9980],"class_list":["post-108899","post","type-post","status-publish","format-standard","has-post-thumbnail","hentry","category-internacional","tag-desempleo","tag-estados-unidos","tag-mayo","tag-tasa","wp-image-borders"],"amp_enabled":true,"_links":{"self":[{"href":"https:\/\/nvnoticias.mx\/index.php\/wp-json\/wp\/v2\/posts\/108899","targetHints":{"allow":["GET"]}}],"collection":[{"href":"https:\/\/nvnoticias.mx\/index.php\/wp-json\/wp\/v2\/posts"}],"about":[{"href":"https:\/\/nvnoticias.mx\/index.php\/wp-json\/wp\/v2\/types\/post"}],"author":[{"embeddable":true,"href":"https:\/\/nvnoticias.mx\/index.php\/wp-json\/wp\/v2\/users\/35"}],"replies":[{"embeddable":true,"href":"https:\/\/nvnoticias.mx\/index.php\/wp-json\/wp\/v2\/comments?post=108899"}],"version-history":[{"count":1,"href":"https:\/\/nvnoticias.mx\/index.php\/wp-json\/wp\/v2\/posts\/108899\/revisions"}],"predecessor-version":[{"id":108903,"href":"https:\/\/nvnoticias.mx\/index.php\/wp-json\/wp\/v2\/posts\/108899\/revisions\/108903"}],"wp:featuredmedia":[{"embeddable":true,"href":"https:\/\/nvnoticias.mx\/index.php\/wp-json\/wp\/v2\/media\/1468"}],"wp:attachment":[{"href":"https:\/\/nvnoticias.mx\/index.php\/wp-json\/wp\/v2\/media?parent=108899"}],"wp:term":[{"taxonomy":"category","embeddable":true,"href":"https:\/\/nvnoticias.mx\/index.php\/wp-json\/wp\/v2\/categories?post=108899"},{"taxonomy":"post_tag","embeddable":true,"href":"https:\/\/nvnoticias.mx\/index.php\/wp-json\/wp\/v2\/tags?post=108899"}],"curies":[{"name":"wp","href":"https:\/\/api.w.org\/{rel}","templated":true}]}}