{"id":108841,"date":"2023-06-01T19:55:58","date_gmt":"2023-06-02T00:55:58","guid":{"rendered":"https:\/\/nvnoticias.mx\/?p=108841"},"modified":"2023-06-01T19:55:58","modified_gmt":"2023-06-02T00:55:58","slug":"entregan-honoris-causa-a-jose-manuel-urreta","status":"publish","type":"post","link":"https:\/\/nvnoticias.mx\/index.php\/2023\/06\/01\/entregan-honoris-causa-a-jose-manuel-urreta\/","title":{"rendered":"Entregan Honoris Causa a Jos\u00e9 Manuel Urreta"},"content":{"rendered":"\n<p><strong>Jes\u00fas Utrilla \/ NV Noticias <\/strong><\/p>\n\n\n\n<p>A propuesta del Colegio Nacional de Abogados Penalistas, que encabeza Gilberto Far\u00edas Morales, ingresaron a la Legi\u00f3n de Honor Nacional de M\u00e9xico, que preside Juan Carlos S\u00e1nchez Magall\u00e1n, los juristas Juan Guillermo Trujillo Hern\u00e1ndez y Carlos Trujillo Altamirano, as\u00ed como al empresario y presidente nacional de la Asociaci\u00f3n Nacional de Consejos Empresariales Regionales (ANCER), Jos\u00e9 Manuel Urreta Ortega, quien recibi\u00f3 el doctorado Honoris Causa en el auditorio de la Facultad de Derecho de la UNAM a propuesta del Colegio Nacional de Abogados Penalistas AC.<\/p>\n\n\n\n<p>El evento fue encabezado por Juan Carlos S\u00e1nchez Magall\u00e1n, presidente de la  Legi\u00f3n de Honor Nacional de M\u00e9xico.<\/p>\n\n\n\n<p>Esta es una organizaci\u00f3n civil cuyos objetivos son contribuir al progreso y engrandecimiento de M\u00e9xico, fortalecer las instituciones democr\u00e1ticas, coadyuvar al desarrollo de la cultura y promover la participaci\u00f3n entre sus agremiados. <\/p>\n\n\n\n<p>Busca convertirse en un \u00f3rgano de consulta y participaci\u00f3n que fomente el acercamiento con otras instituciones que compartan los mismos ideales.<\/p>\n\n\n\n<p>Otras propuestas del CNAP fueron los juristas Juan Guillermo Ruiz Hern\u00e1ndez y Carlos Trujillo Altamirano entre otros. <\/p>\n\n\n\n<p>Al evento asisti\u00f3 tambi\u00e9n la  fiscal General de la Ciudad de M\u00e9xico, Ernestina Godoy, as\u00ed como la primera FGR, Marisela Morales Iba\u00f1ez y destacados juristas  y acad\u00e9micos de M\u00e9xico.<\/p>\n","protected":false},"excerpt":{"rendered":"<p>Jes\u00fas Utrilla \/ NV Noticias A propuesta del Colegio Nacional de Abogados Penalistas, que encabeza Gilberto Far\u00edas Morales, ingresaron a la Legi\u00f3n de Honor Nacional de M\u00e9xico, que preside Juan Carlos S\u00e1nchez Magall\u00e1n, los juristas Juan Guillermo Trujillo Hern\u00e1ndez y Carlos Trujillo Altamirano, as\u00ed como al empresario y presidente nacional de la Asociaci\u00f3n Nacional de [&hellip;]<\/p>\n","protected":false},"author":8,"featured_media":108842,"comment_status":"open","ping_status":"open","sticky":false,"template":"","format":"standard","meta":{"_monsterinsights_skip_tracking":false,"_monsterinsights_sitenote_active":false,"_monsterinsights_sitenote_note":"","_monsterinsights_sitenote_category":0,"footnotes":""},"categories":[154],"tags":[23245,6138],"class_list":["post-108841","post","type-post","status-publish","format-standard","has-post-thumbnail","hentry","category-veracruz","tag-honoris-causa","tag-jose-manuel-urreta-ortega","wp-image-borders"],"amp_enabled":true,"_links":{"self":[{"href":"https:\/\/nvnoticias.mx\/index.php\/wp-json\/wp\/v2\/posts\/108841","targetHints":{"allow":["GET"]}}],"collection":[{"href":"https:\/\/nvnoticias.mx\/index.php\/wp-json\/wp\/v2\/posts"}],"about":[{"href":"https:\/\/nvnoticias.mx\/index.php\/wp-json\/wp\/v2\/types\/post"}],"author":[{"embeddable":true,"href":"https:\/\/nvnoticias.mx\/index.php\/wp-json\/wp\/v2\/users\/8"}],"replies":[{"embeddable":true,"href":"https:\/\/nvnoticias.mx\/index.php\/wp-json\/wp\/v2\/comments?post=108841"}],"version-history":[{"count":1,"href":"https:\/\/nvnoticias.mx\/index.php\/wp-json\/wp\/v2\/posts\/108841\/revisions"}],"predecessor-version":[{"id":108843,"href":"https:\/\/nvnoticias.mx\/index.php\/wp-json\/wp\/v2\/posts\/108841\/revisions\/108843"}],"wp:featuredmedia":[{"embeddable":true,"href":"https:\/\/nvnoticias.mx\/index.php\/wp-json\/wp\/v2\/media\/108842"}],"wp:attachment":[{"href":"https:\/\/nvnoticias.mx\/index.php\/wp-json\/wp\/v2\/media?parent=108841"}],"wp:term":[{"taxonomy":"category","embeddable":true,"href":"https:\/\/nvnoticias.mx\/index.php\/wp-json\/wp\/v2\/categories?post=108841"},{"taxonomy":"post_tag","embeddable":true,"href":"https:\/\/nvnoticias.mx\/index.php\/wp-json\/wp\/v2\/tags?post=108841"}],"curies":[{"name":"wp","href":"https:\/\/api.w.org\/{rel}","templated":true}]}}