{"id":108760,"date":"2023-06-01T09:34:06","date_gmt":"2023-06-01T14:34:06","guid":{"rendered":"https:\/\/nvnoticias.mx\/?p=108760"},"modified":"2023-06-01T10:12:49","modified_gmt":"2023-06-01T15:12:49","slug":"se-lanza-amlo-contra-la-onu-y-la-oea-por-supuesta-campana-contra-su-gobierno","status":"publish","type":"post","link":"https:\/\/nvnoticias.mx\/index.php\/2023\/06\/01\/se-lanza-amlo-contra-la-onu-y-la-oea-por-supuesta-campana-contra-su-gobierno\/","title":{"rendered":"Se lanza AMLO contra la ONU y la OEA por supuesta campa\u00f1a contra su gobierno"},"content":{"rendered":"\n<p>AMLO tundi\u00f3 a los organismos internacionales&nbsp;<strong>ONU y la OEA&nbsp;<\/strong>porque a su consideraci\u00f3n,&nbsp;<strong>no defienden los derechos humanos<\/strong>.<\/p>\n\n\n\n<p>Critic\u00f3 que la ONU no hizo ninguna declaratoria en la etapa de mayores cantidad de desaparecidos en M\u00e9xico con&nbsp;<strong>Genaro Garc\u00eda Luna&nbsp;<\/strong>al frente de la Secretar\u00eda de Seguridad P\u00fablica.<\/p>\n\n\n\n<blockquote class=\"wp-block-quote is-layout-flow wp-block-quote-is-layout-flow\"><p>\u201cNo les creo ni a la ONU ni a la OEA, porque no actuan con justicia. Tienen much\u00edsimos bur\u00f3cratas de Pedigree, porque ganan much\u00edsimo dinero, pero no ven nada en violaci\u00f3n de derechos humanos. \u00bfD\u00f3nde est\u00e1 la declaraci\u00f3n de la ONU en la \u00e9poca de desaparecidos de Garc\u00eda Luna?\u201d<\/p><\/blockquote>\n\n\n\n<p><\/p>\n","protected":false},"excerpt":{"rendered":"<p>AMLO tundi\u00f3 a los organismos internacionales&nbsp;ONU y la OEA&nbsp;porque a su consideraci\u00f3n,&nbsp;no defienden los derechos humanos. Critic\u00f3 que la ONU no hizo ninguna declaratoria en la etapa de mayores cantidad de desaparecidos en M\u00e9xico con&nbsp;Genaro Garc\u00eda Luna&nbsp;al frente de la Secretar\u00eda de Seguridad P\u00fablica. \u201cNo les creo ni a la ONU ni a la OEA, [&hellip;]<\/p>\n","protected":false},"author":35,"featured_media":60062,"comment_status":"open","ping_status":"open","sticky":false,"template":"","format":"standard","meta":{"_monsterinsights_skip_tracking":false,"_monsterinsights_sitenote_active":false,"_monsterinsights_sitenote_note":"","_monsterinsights_sitenote_category":0,"footnotes":""},"categories":[157],"tags":[188,2600,5459,3633,513,162,20850,20130],"class_list":["post-108760","post","type-post","status-publish","format-standard","has-post-thumbnail","hentry","category-nacional","tag-amlo","tag-campana","tag-contra","tag-oea","tag-onu","tag-portada","tag-se-lanza","tag-supuesta","wp-image-borders"],"amp_enabled":true,"_links":{"self":[{"href":"https:\/\/nvnoticias.mx\/index.php\/wp-json\/wp\/v2\/posts\/108760","targetHints":{"allow":["GET"]}}],"collection":[{"href":"https:\/\/nvnoticias.mx\/index.php\/wp-json\/wp\/v2\/posts"}],"about":[{"href":"https:\/\/nvnoticias.mx\/index.php\/wp-json\/wp\/v2\/types\/post"}],"author":[{"embeddable":true,"href":"https:\/\/nvnoticias.mx\/index.php\/wp-json\/wp\/v2\/users\/35"}],"replies":[{"embeddable":true,"href":"https:\/\/nvnoticias.mx\/index.php\/wp-json\/wp\/v2\/comments?post=108760"}],"version-history":[{"count":2,"href":"https:\/\/nvnoticias.mx\/index.php\/wp-json\/wp\/v2\/posts\/108760\/revisions"}],"predecessor-version":[{"id":108762,"href":"https:\/\/nvnoticias.mx\/index.php\/wp-json\/wp\/v2\/posts\/108760\/revisions\/108762"}],"wp:featuredmedia":[{"embeddable":true,"href":"https:\/\/nvnoticias.mx\/index.php\/wp-json\/wp\/v2\/media\/60062"}],"wp:attachment":[{"href":"https:\/\/nvnoticias.mx\/index.php\/wp-json\/wp\/v2\/media?parent=108760"}],"wp:term":[{"taxonomy":"category","embeddable":true,"href":"https:\/\/nvnoticias.mx\/index.php\/wp-json\/wp\/v2\/categories?post=108760"},{"taxonomy":"post_tag","embeddable":true,"href":"https:\/\/nvnoticias.mx\/index.php\/wp-json\/wp\/v2\/tags?post=108760"}],"curies":[{"name":"wp","href":"https:\/\/api.w.org\/{rel}","templated":true}]}}