{"id":108737,"date":"2023-06-01T09:01:01","date_gmt":"2023-06-01T14:01:01","guid":{"rendered":"https:\/\/nvnoticias.mx\/?p=108737"},"modified":"2023-06-01T09:01:03","modified_gmt":"2023-06-01T14:01:03","slug":"presiona-otan-a-turquia-para-que-no-impida-el-ingreso-de-suecia-antes-de-cumbre","status":"publish","type":"post","link":"https:\/\/nvnoticias.mx\/index.php\/2023\/06\/01\/presiona-otan-a-turquia-para-que-no-impida-el-ingreso-de-suecia-antes-de-cumbre\/","title":{"rendered":"Presiona OTAN a Turqu\u00eda para que no impida el ingreso de Suecia antes de cumbre"},"content":{"rendered":"\n<p><strong>La OTAN<\/strong>\u00a0elev\u00f3 el jueves la presi\u00f3n sobre Turqu\u00eda, uno de sus miembros,\u00a0para que retire sus objeciones\u00a0<strong>al ingreso de Suecia,<\/strong>\u00a0<strong>mientras la alianza militar<\/strong>\u00a0trata de resolver el asunto antes de la reuni\u00f3n que mantendr\u00e1 el presidente de\u00a0<strong>Estados Unidos, Joe Biden.<\/strong>\u00a0y sus hom\u00f3logos el pr\u00f3ximo mes.<\/p>\n\n\n\n<p>El temor a una posible\u00a0<strong>acci\u00f3n de Rusia<\/strong>\u00a0tras la invasi\u00f3n de Ucrania el a\u00f1o pasado, llev\u00f3 a Suecia y Finlandia a abandonar su tradicional postura\u00a0<strong>de no alineamiento militar<\/strong>\u00a0para buscar protecci\u00f3n bajo el paraguas de la\u00a0<strong>OTAN<\/strong>. Finlandia se convirti\u00f3 en el 31er miembro de la alianza en abril.<\/p>\n\n\n\n<p><strong>La OTAN<\/strong>&nbsp;debe aprobar por unanimidad el ingreso de nuevos socios. El gobierno de Turqu\u00eda acusa a Suecia de ser demasiado indulgente con&nbsp;<strong>organizaciones terroristas y amenazas de seguridad,<\/strong>&nbsp;incluyendo grupos insurgentes kurdos y personas vinculadas al intento de&nbsp;<strong>golpe de Estado de 2016.<\/strong><\/p>\n\n\n\n<p>Hungr\u00eda ha demorado tambi\u00e9n su autorizaci\u00f3n, pero sus motivos no se han hecho p\u00fablicos.<\/p>\n\n\n\n<p><strong><em>\u201cEs hora de que Suecia se una&#8221;,<\/em><\/strong>&nbsp;dijo la ministra noruega de Exteriores, Anniken Huitfeldt, a reporteros en Oslo, donde recibi\u00f3 a sus hom\u00f3logos&nbsp;<strong>para preparar la cumbre de la OTAN<\/strong>&nbsp;que se celebrar\u00e1 el 11 y 12 de julio en Lituania.<\/p>\n\n\n\n<p>El secretario general de la Alianza, Jens Stoltenberg, se\u00f1al\u00f3 que viajar\u00e1 a Ankara&nbsp;<strong><em>\u201cen un futuro pr\u00f3ximo para seguir trabajando en c\u00f3mo podemos garantizar la adhesi\u00f3n m\u00e1s r\u00e1pida posible de Suecia&#8221;,<\/em><\/strong>&nbsp;pero no ofreci\u00f3 la fecha exacta de la visita.<\/p>\n\n\n\n<blockquote class=\"wp-block-quote is-layout-flow wp-block-quote-is-layout-flow\"><p><strong><em>\u201cConf\u00edo en que Hungr\u00eda ratificar\u00e1 tambi\u00e9n el protocolo de adhesi\u00f3n&#8221;, agreg\u00f3 Stoltenberg.<\/em><\/strong><\/p><\/blockquote>\n\n\n\n<p>Por su parte, el ministro sueco,&nbsp;<strong>Tobias Billstr\u00f6m<\/strong>, apunt\u00f3 que \u201ces hora de que&nbsp;<strong>Turqu\u00eda y Hungr\u00eda<\/strong>&nbsp;inicien la ratificaci\u00f3n de la membres\u00eda de Suecia en la OTAN&#8221; y a\u00f1adi\u00f3 que &#8220;todo (lo que) impida la entrada de Suecia a la OTAN ser\u00e1 visto como una victoria por (el presidente de Rusia, Vlad\u00edmir) Putin\u201d.<\/p>\n\n\n\n<p><strong>Durante meses, Suecia, Finlandia y Turqu\u00eda<\/strong>\u00a0han mantenido conversaciones para tratar de abordar las preocupaciones de Ankara.<strong>\u00a0Billstr\u00f6m dijo que espera que la situaci\u00f3n<\/strong>\u00a0se aclare en una nueva reuni\u00f3n del \u201cmecanismo conjunto permanente&#8221; en las pr\u00f3ximas semanas.<\/p>\n\n\n\n<p>Fuente: <a href=\"https:\/\/www.milenio.com\/internacional\/otan-presiona-a-turquia-para-que-no-impida-el-ingreso-de-suecia\" data-type=\"URL\" data-id=\"https:\/\/www.milenio.com\/internacional\/otan-presiona-a-turquia-para-que-no-impida-el-ingreso-de-suecia\">Milenio<\/a> <\/p>\n","protected":false},"excerpt":{"rendered":"<p>La OTAN\u00a0elev\u00f3 el jueves la presi\u00f3n sobre Turqu\u00eda, uno de sus miembros,\u00a0para que retire sus objeciones\u00a0al ingreso de Suecia,\u00a0mientras la alianza militar\u00a0trata de resolver el asunto antes de la reuni\u00f3n que mantendr\u00e1 el presidente de\u00a0Estados Unidos, Joe Biden.\u00a0y sus hom\u00f3logos el pr\u00f3ximo mes. El temor a una posible\u00a0acci\u00f3n de Rusia\u00a0tras la invasi\u00f3n de Ucrania el [&hellip;]<\/p>\n","protected":false},"author":35,"featured_media":26785,"comment_status":"open","ping_status":"open","sticky":false,"template":"","format":"standard","meta":{"_monsterinsights_skip_tracking":false,"_monsterinsights_sitenote_active":false,"_monsterinsights_sitenote_note":"","_monsterinsights_sitenote_category":0,"footnotes":""},"categories":[181],"tags":[25544,6347,25543,13285,5995,3698],"class_list":["post-108737","post","type-post","status-publish","format-standard","has-post-thumbnail","hentry","category-internacional","tag-impida","tag-ingreso","tag-otab","tag-presiona","tag-suecia","tag-turquia","wp-image-borders"],"amp_enabled":true,"_links":{"self":[{"href":"https:\/\/nvnoticias.mx\/index.php\/wp-json\/wp\/v2\/posts\/108737","targetHints":{"allow":["GET"]}}],"collection":[{"href":"https:\/\/nvnoticias.mx\/index.php\/wp-json\/wp\/v2\/posts"}],"about":[{"href":"https:\/\/nvnoticias.mx\/index.php\/wp-json\/wp\/v2\/types\/post"}],"author":[{"embeddable":true,"href":"https:\/\/nvnoticias.mx\/index.php\/wp-json\/wp\/v2\/users\/35"}],"replies":[{"embeddable":true,"href":"https:\/\/nvnoticias.mx\/index.php\/wp-json\/wp\/v2\/comments?post=108737"}],"version-history":[{"count":4,"href":"https:\/\/nvnoticias.mx\/index.php\/wp-json\/wp\/v2\/posts\/108737\/revisions"}],"predecessor-version":[{"id":108741,"href":"https:\/\/nvnoticias.mx\/index.php\/wp-json\/wp\/v2\/posts\/108737\/revisions\/108741"}],"wp:featuredmedia":[{"embeddable":true,"href":"https:\/\/nvnoticias.mx\/index.php\/wp-json\/wp\/v2\/media\/26785"}],"wp:attachment":[{"href":"https:\/\/nvnoticias.mx\/index.php\/wp-json\/wp\/v2\/media?parent=108737"}],"wp:term":[{"taxonomy":"category","embeddable":true,"href":"https:\/\/nvnoticias.mx\/index.php\/wp-json\/wp\/v2\/categories?post=108737"},{"taxonomy":"post_tag","embeddable":true,"href":"https:\/\/nvnoticias.mx\/index.php\/wp-json\/wp\/v2\/tags?post=108737"}],"curies":[{"name":"wp","href":"https:\/\/api.w.org\/{rel}","templated":true}]}}