{"id":108717,"date":"2023-06-01T08:09:40","date_gmt":"2023-06-01T13:09:40","guid":{"rendered":"https:\/\/nvnoticias.mx\/?p=108717"},"modified":"2023-06-01T08:10:00","modified_gmt":"2023-06-01T13:10:00","slug":"itzel-cardenas-es-la-reina-electa-del-carnaval-de-veracruz-2023","status":"publish","type":"post","link":"https:\/\/nvnoticias.mx\/index.php\/2023\/06\/01\/itzel-cardenas-es-la-reina-electa-del-carnaval-de-veracruz-2023\/","title":{"rendered":"Itzel C\u00e1rdenas es la reina electa del Carnaval de Veracruz 2023"},"content":{"rendered":"\n<p><strong>Jes\u00fas Utrilla | NV Noticias<\/strong> <\/p>\n\n\n\n<p>Se llev\u00f3 a cabo el certamen para elegir a la Corte Real del Carnaval de Veracruz 2023.\u00a0Las categor\u00edas en las que los candidatas dieron lo mejor de s\u00ed fueron: carisma, conocimientos, pasarela y talento.<\/p>\n\n\n\n<p>Por mayor\u00eda de votos gan\u00f3 Itzel C\u00e1rdenas, con el distintivo rojo.<\/p>\n\n\n\n<p>Entre batucadas, porras, baile y m\u00fasica se llev\u00f3 a cabo el certamen de elecci\u00f3n. En carisma se les pregunt\u00f3 el motivo por el que buscaban la corona de la Corte Real del Carnaval de Veracruz 2023. En conocimientos se les cuestion\u00f3 sobre historia de Veracruz y el carnaval. En talento algunas cantaron, imitaron o bailaron.<\/p>\n\n\n\n<p><strong>La Corte Real qued\u00f3 integrada por: <\/strong><\/p>\n\n\n\n<p>Itzel C\u00e1rdenas, con el distintivo rojo, como reina electa;\u00a0\u00a0Princesa Primera, Pamela Aquino, distintivo rosa; Princesa segunda, Cecilia Mora, distintivo azul; doncella primera,\u00a0<\/p>\n\n\n\n<p>G\u00e9nesis Vera, distintivo verde y Ang\u00e9lica Morf\u00edn, distintivo dorado, como doncella segunda.<\/p>\n\n\n\n<p>Las candidatas contaron con la compa\u00f1\u00eda de sus porras integradas por familiares, amigos, seguidores y p\u00fablico en general que se dio cita en el z\u00f3calo de la ciudad para presenciar el certamen de elecci\u00f3n.<\/p>\n\n\n\n<p>El jurado calificador estuvo integrado por Aida Flandes, ex reina del Carnaval de Veracruz en 1967; Ricardo Ca\u00f1as, historiador; Montalvo Sergio V\u00e1zquez, director del ballet Tradiciones de M\u00e9xico; Fallo Castillo, locutor de radio; Hugo Garrido, fot\u00f3grafo; Luis Bendimes, maquillista y Berenice Gir\u00f3n, conductora de televisi\u00f3n y cantante. Adem\u00e1s de la presencia del notario Rafael Valverde, el Comit\u00e9 Organizador del Carnaval y la alcaldesa de Veracruz.<\/p>\n","protected":false},"excerpt":{"rendered":"<p>Jes\u00fas Utrilla | NV Noticias Se llev\u00f3 a cabo el certamen para elegir a la Corte Real del Carnaval de Veracruz 2023.\u00a0Las categor\u00edas en las que los candidatas dieron lo mejor de s\u00ed fueron: carisma, conocimientos, pasarela y talento. Por mayor\u00eda de votos gan\u00f3 Itzel C\u00e1rdenas, con el distintivo rojo. Entre batucadas, porras, baile y [&hellip;]<\/p>\n","protected":false},"author":35,"featured_media":108718,"comment_status":"open","ping_status":"open","sticky":false,"template":"","format":"standard","meta":{"_monsterinsights_skip_tracking":false,"_monsterinsights_sitenote_active":false,"_monsterinsights_sitenote_note":"","_monsterinsights_sitenote_category":0,"footnotes":""},"categories":[154],"tags":[1138,25539,25541],"class_list":["post-108717","post","type-post","status-publish","format-standard","has-post-thumbnail","hentry","category-veracruz","tag-carnaval-de-veracruz","tag-itzel-cardenas","tag-reina-electa","wp-image-borders"],"amp_enabled":true,"_links":{"self":[{"href":"https:\/\/nvnoticias.mx\/index.php\/wp-json\/wp\/v2\/posts\/108717","targetHints":{"allow":["GET"]}}],"collection":[{"href":"https:\/\/nvnoticias.mx\/index.php\/wp-json\/wp\/v2\/posts"}],"about":[{"href":"https:\/\/nvnoticias.mx\/index.php\/wp-json\/wp\/v2\/types\/post"}],"author":[{"embeddable":true,"href":"https:\/\/nvnoticias.mx\/index.php\/wp-json\/wp\/v2\/users\/35"}],"replies":[{"embeddable":true,"href":"https:\/\/nvnoticias.mx\/index.php\/wp-json\/wp\/v2\/comments?post=108717"}],"version-history":[{"count":1,"href":"https:\/\/nvnoticias.mx\/index.php\/wp-json\/wp\/v2\/posts\/108717\/revisions"}],"predecessor-version":[{"id":108719,"href":"https:\/\/nvnoticias.mx\/index.php\/wp-json\/wp\/v2\/posts\/108717\/revisions\/108719"}],"wp:featuredmedia":[{"embeddable":true,"href":"https:\/\/nvnoticias.mx\/index.php\/wp-json\/wp\/v2\/media\/108718"}],"wp:attachment":[{"href":"https:\/\/nvnoticias.mx\/index.php\/wp-json\/wp\/v2\/media?parent=108717"}],"wp:term":[{"taxonomy":"category","embeddable":true,"href":"https:\/\/nvnoticias.mx\/index.php\/wp-json\/wp\/v2\/categories?post=108717"},{"taxonomy":"post_tag","embeddable":true,"href":"https:\/\/nvnoticias.mx\/index.php\/wp-json\/wp\/v2\/tags?post=108717"}],"curies":[{"name":"wp","href":"https:\/\/api.w.org\/{rel}","templated":true}]}}