{"id":108687,"date":"2023-06-01T07:36:45","date_gmt":"2023-06-01T12:36:45","guid":{"rendered":"https:\/\/nvnoticias.mx\/?p=108687"},"modified":"2023-06-01T07:36:46","modified_gmt":"2023-06-01T12:36:46","slug":"va-morena-en-san-lazaro-por-penas-mas-severas-contra-maltrato-animal-tras-caso-scooby","status":"publish","type":"post","link":"https:\/\/nvnoticias.mx\/index.php\/2023\/06\/01\/va-morena-en-san-lazaro-por-penas-mas-severas-contra-maltrato-animal-tras-caso-scooby\/","title":{"rendered":"Va Morena en San L\u00e1zaro por penas m\u00e1s severas contra maltrato animal tras caso &#8216;Scooby&#8217;"},"content":{"rendered":"\n<p>El coordinador de Morena en la C\u00e1mara de Diputados, Ignacio Mier, celebr\u00f3 la aprehensi\u00f3n del sujeto que\u00a0arroj\u00f3 a un perro dentro de un cazo con aceite hirviendo en Tec\u00e1mac, Estado de M\u00e9xico, y anunci\u00f3 que\u00a0<strong>su bancada impulsar\u00e1 el endurecimiento de los castigos y penas por maltrato animal<\/strong>.<\/p>\n\n\n\n<blockquote class=\"wp-block-quote is-layout-flow wp-block-quote-is-layout-flow\"><p>\u201cBien por las autoridades que lograron la detenci\u00f3n del infame que arroj\u00f3 a un perrito a un cazo con aceite hirviendo. Se trata de un acto de gran crueldad. En Morena vamos a impulsar que se incrementen los castigos y penas a quienes atenten contra la integridad de cualquier animal en todo el pa\u00eds\u201d, puntualiz\u00f3 en un mensaje en redes sociales.<\/p><\/blockquote>\n\n\n\n<p>Por separado, 17 legisladoras morenistas encabezadas por Karla Estrella D\u00edaz suscribieron un pronunciamiento con la exigencia de justicia para el perro&nbsp;<em>Scooby&nbsp;<\/em>e instaron al Poder Judicial del Estado de M\u00e9xico&nbsp;<strong>garantizar la aplicaci\u00f3n de la ley en materia de maltrato animal.<\/strong><\/p>\n\n\n\n<p>Repudiaron cualquier acto de crueldad anima y&nbsp;<strong>expresaron asimismo su solidaridad a los due\u00f1os del perro asesinado.<\/strong><\/p>\n\n\n\n<blockquote class=\"wp-block-quote is-layout-flow wp-block-quote-is-layout-flow\"><p>\u201cLas diputadas y diputados del grupo parlamentario de Morena daremos puntual seguimiento a este caso, justicia para\u00a0<em>Benito\u00a0<\/em>(sic), cero tolerancia al maltrato animal, logremos el bienestar de todos los seres vivos\u201d, puntualizaron.<\/p><p><\/p><\/blockquote>\n\n\n\n<p>Subrayaron que, de acuerdo con la organizaci\u00f3n AnimaNaturalis,&nbsp;<strong>M\u00e9xico ocupa el primer lugar de Latinoam\u00e9rica en maltrato animal y el tercero a nivel mundial<\/strong>, por lo que resulta de suma importancia adoptar pol\u00edticas publicas necesarias que permitan garantizar justicia, respeto y cuidado de los animales dentro del territorio nacional.<\/p>\n\n\n\n<blockquote class=\"wp-block-quote is-layout-flow wp-block-quote-is-layout-flow\"><p>\u201cEl maltrato animal es un foco rojo que persiste para la sociedad, no solo por el comportamiento agresivo que implica hacia el ser vivo, sino porque lamentablemente se realiza de manera cotidiana. Todos los seres vivos son importantes y merecen gozar de una vida digna y tranquila. Debemos alzar la voz por los seres vivos que han sido v\u00edctimas de maltrato animal\u201d, agregaron las diputadas.<\/p><\/blockquote>\n\n\n\n<p>Entre las firmantes del pronunciamiento est\u00e1n Yolis Jim\u00e9nez, M\u00f3nica Herrera, Adriana Bustamante, Sonia Rincon, Susana Prieto, Luz Adriana Candelario, Julieta Vences, Mar\u00eda Sierra, Tania Cruz, Mar\u00eda Guadalupe Rom\u00e1n, Marina Valadez, Martha Barajas, Raquel Bonilla, Noem\u00ed Salazar, Lidia P\u00e9rez y Odette Almaz\u00e1n.<\/p>\n\n\n\n<p>Fuente: <a href=\"https:\/\/www.milenio.com\/politica\/morena-penas-severas-vs-maltrato-animal-caso-scooby\" data-type=\"URL\" data-id=\"https:\/\/www.milenio.com\/politica\/morena-penas-severas-vs-maltrato-animal-caso-scooby\">Milenio<\/a> <\/p>\n","protected":false},"excerpt":{"rendered":"<p>El coordinador de Morena en la C\u00e1mara de Diputados, Ignacio Mier, celebr\u00f3 la aprehensi\u00f3n del sujeto que\u00a0arroj\u00f3 a un perro dentro de un cazo con aceite hirviendo en Tec\u00e1mac, Estado de M\u00e9xico, y anunci\u00f3 que\u00a0su bancada impulsar\u00e1 el endurecimiento de los castigos y penas por maltrato animal. \u201cBien por las autoridades que lograron la detenci\u00f3n [&hellip;]<\/p>\n","protected":false},"author":35,"featured_media":3847,"comment_status":"open","ping_status":"open","sticky":false,"template":"","format":"standard","meta":{"_monsterinsights_skip_tracking":false,"_monsterinsights_sitenote_active":false,"_monsterinsights_sitenote_note":"","_monsterinsights_sitenote_category":0,"footnotes":""},"categories":[158],"tags":[524,252,14284,4077,25534],"class_list":["post-108687","post","type-post","status-publish","format-standard","has-post-thumbnail","hentry","category-politica","tag-maltrato-animal","tag-morena","tag-penas","tag-san-lazaro","tag-severas","wp-image-borders"],"amp_enabled":true,"_links":{"self":[{"href":"https:\/\/nvnoticias.mx\/index.php\/wp-json\/wp\/v2\/posts\/108687","targetHints":{"allow":["GET"]}}],"collection":[{"href":"https:\/\/nvnoticias.mx\/index.php\/wp-json\/wp\/v2\/posts"}],"about":[{"href":"https:\/\/nvnoticias.mx\/index.php\/wp-json\/wp\/v2\/types\/post"}],"author":[{"embeddable":true,"href":"https:\/\/nvnoticias.mx\/index.php\/wp-json\/wp\/v2\/users\/35"}],"replies":[{"embeddable":true,"href":"https:\/\/nvnoticias.mx\/index.php\/wp-json\/wp\/v2\/comments?post=108687"}],"version-history":[{"count":4,"href":"https:\/\/nvnoticias.mx\/index.php\/wp-json\/wp\/v2\/posts\/108687\/revisions"}],"predecessor-version":[{"id":108691,"href":"https:\/\/nvnoticias.mx\/index.php\/wp-json\/wp\/v2\/posts\/108687\/revisions\/108691"}],"wp:featuredmedia":[{"embeddable":true,"href":"https:\/\/nvnoticias.mx\/index.php\/wp-json\/wp\/v2\/media\/3847"}],"wp:attachment":[{"href":"https:\/\/nvnoticias.mx\/index.php\/wp-json\/wp\/v2\/media?parent=108687"}],"wp:term":[{"taxonomy":"category","embeddable":true,"href":"https:\/\/nvnoticias.mx\/index.php\/wp-json\/wp\/v2\/categories?post=108687"},{"taxonomy":"post_tag","embeddable":true,"href":"https:\/\/nvnoticias.mx\/index.php\/wp-json\/wp\/v2\/tags?post=108687"}],"curies":[{"name":"wp","href":"https:\/\/api.w.org\/{rel}","templated":true}]}}