{"id":108632,"date":"2023-05-31T15:04:59","date_gmt":"2023-05-31T20:04:59","guid":{"rendered":"https:\/\/nvnoticias.mx\/?p=108632"},"modified":"2023-05-31T15:04:59","modified_gmt":"2023-05-31T20:04:59","slug":"restirando-la-liga","status":"publish","type":"post","link":"https:\/\/nvnoticias.mx\/index.php\/2023\/05\/31\/restirando-la-liga\/","title":{"rendered":"Restirando la liga"},"content":{"rendered":"\n<p><strong>Ricardo Homs<\/strong><\/p>\n\n\n\n<p>M\u00e9xico est\u00e1 entrando en un contexto social y pol\u00edtico peligroso.<\/p>\n\n\n\n<p>Existe un \u00e1nimo de provocaci\u00f3n planificada, que se manifiesta en el acoso continuo contra los otros poderes de la Uni\u00f3n.<\/p>\n\n\n\n<p>Si el senador Armenta -presidente del Senado de la Rep\u00fablica, de militancia morenista- tiene la piel sensible y se sinti\u00f3 amenazado por unos cuantos mensajes de WhatsApp de la ministra Norma Pi\u00f1a -que en realidad pretend\u00edan entablar un di\u00e1logo muy mal planteado-, c\u00f3mo es posible que haya tolerado la amenaza -hasta hoy simb\u00f3lica- de dos f\u00e9retros frente a la SCJN y uno de ellos dirigido a la ministra Pi\u00f1a.<\/p>\n\n\n\n<p>Este hecho perverso deb\u00eda haber merecido una reconvenci\u00f3n a los organizadores de esta farsa por parte del presidente L\u00f3pez Obrador. En contraste, hubo apapachos para quienes los llevaron. Esto es grave porque los protagonistas son funcionarios p\u00fablicos de alto nivel -morenistas- y est\u00e1n en funciones.<\/p>\n\n\n\n<p>Por otra parte, el tuit del subsecretario de la Secretar\u00eda de Energ\u00eda del gobierno federal, -Sergio Salda\u00f1a Zorrilla-, publicado el 20 de mayo, en el que afirma que la \u201cnarcomarrana no va a renunciar por s\u00ed misma\u201d, no tuvo ning\u00fan llamado de atenci\u00f3n en la ma\u00f1anera.<\/p>\n\n\n\n<p>Este mensaje evidentemente era un insulto dirigido a la ministra Norma Pi\u00f1a, mismo que fue borrado despu\u00e9s de una embestida por parte de muchos usuarios de Twitter que le recriminaron la ofensa, -entre ellos-, L\u00f3pez D\u00f3riga.<\/p>\n\n\n\n<p>Sin embargo, surge la pregunta: Alguno de los presidentes anteriores -hoy vilipendiados por el presidente L\u00f3pez Obrador-, \u00bfhabr\u00eda tolerado la farsa de los ata\u00fades frente al edificio de la SCJN?<\/p>\n\n\n\n<p>\u00bfHabr\u00eda dejado en su puesto a quien insult\u00f3 por tuit a la presidenta de la SCJN, llam\u00e1ndola \u201cmarrana\u201d?<\/p>\n\n\n\n<p>Es evidente que los agresores de la ministra Pi\u00f1a endurecen sus ofensas al l\u00edmite porque est\u00e1n seguros de estar interpretando correctamente los deseos del presidente y no tienen duda de que recibir\u00e1n su protecci\u00f3n si su conducta tuviese consecuencias. Hasta piensan que tendr\u00e1n una palmadita suya y un gui\u00f1o de ojo de complicidad cuando se vuelvan a encontrar.<\/p>\n\n\n\n<p>Con toda seguridad en otros tiempos esto no habr\u00eda sucedido, pues exist\u00eda respeto entre los poderes, aunque tuviesen diferencias y hubiese recriminaciones. En ese caso, \u00e9stas ser\u00edan expresiones muy mesuradas y sin agresiones personales.<\/p>\n\n\n\n<p>Si algo tan grave acontece hoy es porque existe la autorizaci\u00f3n t\u00e1cita del presidente de la rep\u00fablica.<\/p>\n\n\n\n<p>\u00bfD\u00f3nde habr\u00e1n quedado las clases ma\u00f1aneras de moral y valores?<\/p>\n\n\n\n<p>La moral se practica con acciones que estimulan el ejemplo y no con verborrea.<\/p>\n\n\n\n<p>Es indiscutible que vamos recorriendo un camino de violencia que no tiene retorno.<\/p>\n\n\n\n<p>Este es un contexto intencionalmente provocado para generar una ruptura del orden social y pol\u00edtico, para que frente a unas autoridades constitucionales disminuidas y desgastadas en su imagen p\u00fablica por la provocaci\u00f3n y el acoso del Poder ejecutivo -y por tanto, imposibilitadas de imponer su autoridad frente a una fractura del orden p\u00fablico-, entonces puedan intervenir las fuerzas armadas, lo cual invariablemente significar\u00eda represi\u00f3n y control.<\/p>\n\n\n\n<p>El rompimiento del orden a partir de autoridades debilitadas intencionalmente por sus adversarios, nos alerta del riesgo del posible surgimiento de un estado totalitario.<\/p>\n\n\n\n<p><strong>BANAMEX 2025<\/strong><\/p>\n\n\n\n<p>Que los directivos de Citi Group hayan pospuesto la venta de su banca de menudeo hasta el 2025 y hayan decidido realizar la venta a trav\u00e9s de la Bolsa de Valores, define la desconfianza que genera la nueva forma de gobernar el pa\u00eds.<\/p>\n\n\n\n<p>En esa fecha -en que BANAMEX saldr\u00e1 a la venta-, el presidente L\u00f3pez Obrador ya no estar\u00e1 en el cargo y en la silla presidencial estar\u00e1 su sucesor.<\/p>\n\n\n\n<p>La continua intervenci\u00f3n del presidente en este asunto seguramente gener\u00f3 una percepci\u00f3n de riesgos, principalmente cuando dej\u00f3 entrever que el mismo gobierno federal podr\u00eda encabezar la compra.<\/p>\n\n\n\n<p>Es evidente que detr\u00e1s de esta estrategia presidencial podr\u00eda estar la pretensi\u00f3n de comprar a este importante banco para fusionarlo con el \u201cBanco del Bienestar\u201d, y as\u00ed manejarlo como caja chica, o quiz\u00e1 anexarlo a Banj\u00e9rcito -la instituci\u00f3n financiera de la SEDENA- y dejar la operaci\u00f3n en manos de militares.<\/p>\n\n\n\n<p>Definitivamente, el excesivo protagonismo del presidente en temas que no son de su incumbencia personal, -como lo es la venta de BANAMEX-, mandan un mensaje de riesgo e incertidumbre a los grandes capitales internacionales. Esto impactar\u00e1 negativamente la inversi\u00f3n extranjera y la generaci\u00f3n de empleos.<\/p>\n\n\n\n<p><strong>EL AEROPUERTO ADN DE MONTERREY<\/strong><\/p>\n\n\n\n<p>La concesi\u00f3n del Aeropuerto Internacional del Norte -conocido como ADN-, que es un aeropuerto alterno &#8211; utilizado \u00fanicamente para vuelos privados -, ya no ser\u00e1 renovada a los inversionistas que lo han operado durante los \u00faltimos 30 a\u00f1os. Estas fueron instrucciones directas del presidente L\u00f3pez Obrador.<\/p>\n\n\n\n<p>\u00bfSer\u00e1 que se le ceder\u00e1 esta terminal a\u00e9rea directamente a la SEDENA, como ha sucedido con otros aeropuertos del pa\u00eds?<\/p>\n\n\n\n<p>En s\u00f3lo cuatro a\u00f1os ha surgido un grupo empresarial que posee aeropuertos, aerol\u00edneas, el Tren Maya, una megaconstructora dedicada a la obra civil, negocios tur\u00edsticos, entre otros rubros comerciales. Lo que llama la atenci\u00f3n es que el capital lo pone el gobierno federal y luego se obsequia a los militares.<\/p>\n\n\n\n<p>\u00bfA usted qu\u00e9 le parece?<\/p>\n\n\n\n<p>Facebook: @Ricardo.Homs1<\/p>\n\n\n\n<p>Twitter: @homsricardo<\/p>\n\n\n\n<p>Linkedin: Ricardo Homs<\/p>\n\n\n\n<p><a href=\"http:\/\/www.ricardohoms.com\/\" target=\"_blank\" rel=\"noreferrer noopener\">www.ricardohoms.com<\/a><\/p>\n","protected":false},"excerpt":{"rendered":"<p>Ricardo Homs M\u00e9xico est\u00e1 entrando en un contexto social y pol\u00edtico peligroso. Existe un \u00e1nimo de provocaci\u00f3n planificada, que se manifiesta en el acoso continuo contra los otros poderes de la Uni\u00f3n. Si el senador Armenta -presidente del Senado de la Rep\u00fablica, de militancia morenista- tiene la piel sensible y se sinti\u00f3 amenazado por unos [&hellip;]<\/p>\n","protected":false},"author":18,"featured_media":95395,"comment_status":"open","ping_status":"open","sticky":false,"template":"","format":"standard","meta":{"_monsterinsights_skip_tracking":false,"_monsterinsights_sitenote_active":false,"_monsterinsights_sitenote_note":"","_monsterinsights_sitenote_category":0,"footnotes":""},"categories":[246],"tags":[173],"class_list":["post-108632","post","type-post","status-publish","format-standard","has-post-thumbnail","hentry","category-ricardo-homs","tag-ricardo-homs","wp-image-borders"],"amp_enabled":true,"_links":{"self":[{"href":"https:\/\/nvnoticias.mx\/index.php\/wp-json\/wp\/v2\/posts\/108632","targetHints":{"allow":["GET"]}}],"collection":[{"href":"https:\/\/nvnoticias.mx\/index.php\/wp-json\/wp\/v2\/posts"}],"about":[{"href":"https:\/\/nvnoticias.mx\/index.php\/wp-json\/wp\/v2\/types\/post"}],"author":[{"embeddable":true,"href":"https:\/\/nvnoticias.mx\/index.php\/wp-json\/wp\/v2\/users\/18"}],"replies":[{"embeddable":true,"href":"https:\/\/nvnoticias.mx\/index.php\/wp-json\/wp\/v2\/comments?post=108632"}],"version-history":[{"count":1,"href":"https:\/\/nvnoticias.mx\/index.php\/wp-json\/wp\/v2\/posts\/108632\/revisions"}],"predecessor-version":[{"id":108633,"href":"https:\/\/nvnoticias.mx\/index.php\/wp-json\/wp\/v2\/posts\/108632\/revisions\/108633"}],"wp:featuredmedia":[{"embeddable":true,"href":"https:\/\/nvnoticias.mx\/index.php\/wp-json\/wp\/v2\/media\/95395"}],"wp:attachment":[{"href":"https:\/\/nvnoticias.mx\/index.php\/wp-json\/wp\/v2\/media?parent=108632"}],"wp:term":[{"taxonomy":"category","embeddable":true,"href":"https:\/\/nvnoticias.mx\/index.php\/wp-json\/wp\/v2\/categories?post=108632"},{"taxonomy":"post_tag","embeddable":true,"href":"https:\/\/nvnoticias.mx\/index.php\/wp-json\/wp\/v2\/tags?post=108632"}],"curies":[{"name":"wp","href":"https:\/\/api.w.org\/{rel}","templated":true}]}}