{"id":108625,"date":"2023-05-31T14:41:28","date_gmt":"2023-05-31T19:41:28","guid":{"rendered":"https:\/\/nvnoticias.mx\/?p=108625"},"modified":"2023-05-31T14:41:29","modified_gmt":"2023-05-31T19:41:29","slug":"preparan-ellen-pompeo-y-katherine-heigl-la-reunion-mas-epica-de-greys-anatomy","status":"publish","type":"post","link":"https:\/\/nvnoticias.mx\/index.php\/2023\/05\/31\/preparan-ellen-pompeo-y-katherine-heigl-la-reunion-mas-epica-de-greys-anatomy\/","title":{"rendered":"Preparan Ellen Pompeo y Katherine Heigl la reuni\u00f3n m\u00e1s \u00e9pica de Grey\u2019s Anatomy"},"content":{"rendered":"\n<p>Ellen Pompeo y Katherine Heigl est\u00e1n listas para recordar viejos tiempos, cuando se re\u00fanan para una nueva temporada de &#8220;Actor son Actors&#8221; de <em>Variety<\/em>.<\/p>\n\n\n\n<p>El asombroso reencuentro llega 13 a\u00f1os despu\u00e9s de que Heigl abandonara para siempre <em>Grey&#8217;s Anatomy<\/em>, y meses despu\u00e9s de que la propia Pompeo saliera de los pasillos del Grey Sloan Memorial.<\/p>\n\n\n\n<p>Hace m\u00e1s de una d\u00e9cada, Katherine, que interpret\u00f3 a la entra\u00f1able Izzie Stevens, desat\u00f3 una gran controversia alrededor del drama m\u00e9dico cuando declar\u00f3 que en el set se viv\u00edan condiciones injustas de trabajo e incluso pareci\u00f3 criticar la historia de la serie.<\/p>\n\n\n\n<p>A\u00f1os despu\u00e9s, en 2022, Ellen, la eterna Meredith Grey, reflexion\u00f3 sobre las viejas declaraciones de su coestrella en su podcast<em> Tell Me.<\/em><\/p>\n\n\n\n<blockquote class=\"wp-block-quote is-layout-flow wp-block-quote-is-layout-flow\"><p>&#8220;Recuerdo que Heigl dijo algo en un programa de entrevistas sobre las horas locas que trabaj\u00e1bamos. Y ten\u00eda 100 por ciento la raz\u00f3n&#8221;, dijo Pompeo. &#8220;Si hubiera dicho eso hoy, ser\u00eda una completa hero\u00edna&#8221;.<\/p><\/blockquote>\n\n\n\n<p>En una aparici\u00f3n en 2009 en <em>The Late Show With David Letterman<\/em>, Heigl critic\u00f3 <em>Grey&#8217;s Anatomy<\/em> por tener una jornada laboral de &#8220;17 horas&#8221;, a la que llam\u00f3 &#8220;cruel y mala&#8221;.<\/p>\n\n\n\n<p>Pompeo, quien tambi\u00e9n es productora de <em>Grey&#8217;s<\/em>, asegur\u00f3 que las condiciones de trabajo de la serie han mejorado desde la salida de Heigl en 2010.<\/p>\n\n\n\n<blockquote class=\"wp-block-quote is-layout-flow wp-block-quote-is-layout-flow\"><p>&#8220;Soy muy afortunada ahora con mi agenda en <em>Grey&#8217;s.<\/em> Puedo recortar. Y, en general, estoy feliz por la producci\u00f3n en su conjunto porque hemos reducido enormemente&#8221;, dijo. &#8220;En el pasado, sol\u00edamos hacer horas locas, locas. Eso solo te volver\u00e1 loco&#8221;.<\/p><\/blockquote>\n\n\n\n<blockquote class=\"wp-block-quote is-layout-flow wp-block-quote-is-layout-flow\"><p>&#8220;Pero ella [Katherine] estaba adelantada a su tiempo, hizo una declaraci\u00f3n sobre nuestras horas locas y, por supuesto, golpeemos a una mujer y llam\u00e9mosla desagradecida. Cuando la verdad es que es 100 por ciento honesta y es absolutamente correcto lo que dijo&#8221;, continu\u00f3. &#8220;Fue jod*damente atrevida por decirlo. Y estaba diciendo la verdad. No estaba mintiendo&#8221;.<\/p><\/blockquote>\n\n\n\n<p>Para ver la reuni\u00f3n de Katherine y Ellen solo tendr\u00e1s que esperar un poco, hasta que la edici\u00f3n impresa de &#8220;Actor on Actors&#8221; llegue a los estantes el 7 de junio, o cuando las entrevistas en video sean publicadas el 6 de junio en Variety.com<\/p>\n\n\n\n<p>Fuente: <a href=\"https:\/\/www.eonline.com\/mx\/news\/1375945\/ellen-pompeo-y-katherine-heigl-preparan-la-reunion-mas-epica-de-greys-anatomy\" data-type=\"URL\" data-id=\"https:\/\/www.eonline.com\/mx\/news\/1375945\/ellen-pompeo-y-katherine-heigl-preparan-la-reunion-mas-epica-de-greys-anatomy\">E!<\/a><\/p>\n","protected":false},"excerpt":{"rendered":"<p>Ellen Pompeo y Katherine Heigl est\u00e1n listas para recordar viejos tiempos, cuando se re\u00fanan para una nueva temporada de &#8220;Actor son Actors&#8221; de Variety. El asombroso reencuentro llega 13 a\u00f1os despu\u00e9s de que Heigl abandonara para siempre Grey&#8217;s Anatomy, y meses despu\u00e9s de que la propia Pompeo saliera de los pasillos del Grey Sloan Memorial. [&hellip;]<\/p>\n","protected":false},"author":35,"featured_media":67068,"comment_status":"open","ping_status":"open","sticky":false,"template":"","format":"standard","meta":{"_monsterinsights_skip_tracking":false,"_monsterinsights_sitenote_active":false,"_monsterinsights_sitenote_note":"","_monsterinsights_sitenote_category":0,"footnotes":""},"categories":[576],"tags":[17968,25522,17701,25520,7813,2298],"class_list":["post-108625","post","type-post","status-publish","format-standard","has-post-thumbnail","hentry","category-ocio","tag-ellen-pompeo","tag-epica","tag-greys-anatomy","tag-katherine-heigl","tag-preparan","tag-reunion","wp-image-borders"],"amp_enabled":true,"_links":{"self":[{"href":"https:\/\/nvnoticias.mx\/index.php\/wp-json\/wp\/v2\/posts\/108625","targetHints":{"allow":["GET"]}}],"collection":[{"href":"https:\/\/nvnoticias.mx\/index.php\/wp-json\/wp\/v2\/posts"}],"about":[{"href":"https:\/\/nvnoticias.mx\/index.php\/wp-json\/wp\/v2\/types\/post"}],"author":[{"embeddable":true,"href":"https:\/\/nvnoticias.mx\/index.php\/wp-json\/wp\/v2\/users\/35"}],"replies":[{"embeddable":true,"href":"https:\/\/nvnoticias.mx\/index.php\/wp-json\/wp\/v2\/comments?post=108625"}],"version-history":[{"count":2,"href":"https:\/\/nvnoticias.mx\/index.php\/wp-json\/wp\/v2\/posts\/108625\/revisions"}],"predecessor-version":[{"id":108627,"href":"https:\/\/nvnoticias.mx\/index.php\/wp-json\/wp\/v2\/posts\/108625\/revisions\/108627"}],"wp:featuredmedia":[{"embeddable":true,"href":"https:\/\/nvnoticias.mx\/index.php\/wp-json\/wp\/v2\/media\/67068"}],"wp:attachment":[{"href":"https:\/\/nvnoticias.mx\/index.php\/wp-json\/wp\/v2\/media?parent=108625"}],"wp:term":[{"taxonomy":"category","embeddable":true,"href":"https:\/\/nvnoticias.mx\/index.php\/wp-json\/wp\/v2\/categories?post=108625"},{"taxonomy":"post_tag","embeddable":true,"href":"https:\/\/nvnoticias.mx\/index.php\/wp-json\/wp\/v2\/tags?post=108625"}],"curies":[{"name":"wp","href":"https:\/\/api.w.org\/{rel}","templated":true}]}}