{"id":108616,"date":"2023-05-31T13:54:32","date_gmt":"2023-05-31T18:54:32","guid":{"rendered":"https:\/\/nvnoticias.mx\/?p=108616"},"modified":"2023-05-31T13:54:32","modified_gmt":"2023-05-31T18:54:32","slug":"reconoce-amlo-acuerdo-con-eu-para-fortalecer-laboratorios-detectores-de-fentanilo","status":"publish","type":"post","link":"https:\/\/nvnoticias.mx\/index.php\/2023\/05\/31\/reconoce-amlo-acuerdo-con-eu-para-fortalecer-laboratorios-detectores-de-fentanilo\/","title":{"rendered":"Reconoce AMLO acuerdo con EU para fortalecer laboratorios detectores de fentanilo"},"content":{"rendered":"\n<p>El presidente Andr\u00e9s Manuel L\u00f3pez Obrador reconoci\u00f3 que existe un <strong>acuerdo<\/strong> con Estados Unidos para fortalecer y lograr una mayor coordinaci\u00f3n de los laboratorios del gobierno mexicano para <strong>detectar <\/strong>el tr\u00e1fico de <strong>fentanilo<\/strong>, pero rechaz\u00f3 que en estas acciones de detecci\u00f3n vayan a participar agentes estadounidenses.<\/p>\n\n\n\n<p>Durante la conferencia ma\u00f1anera fue cuestionado sobre si en la reuni\u00f3n con funcionarios de Estados Unidos encabezados por Elizabeth Sherwood-Randall, asesora de seguridad de la Casa Blanca, se habl\u00f3 sobre la apertura del <strong>laboratorio de seguridad nacional <\/strong>para detectar el fentanilo y apunt\u00f3 \u201cno, s\u00ed, pero es un asunto interno\u201d.<\/p>\n\n\n\n<blockquote class=\"wp-block-quote is-layout-flow wp-block-quote-is-layout-flow\"><p>\u201cEsta el laboratorio de <a rel=\"noreferrer noopener\" href=\"https:\/\/www.eluniversal.com.mx\/tag\/cofepris\/\" target=\"_blank\"><strong>Cofepris<\/strong><\/a> y Marina y se va a buscar m\u00e1s coordinaci\u00f3n\u201d, indic\u00f3 el Presidente, quien rechaz\u00f3 que en estas labores de detecci\u00f3n de fentanilo y otras drogas vayan a participar agentes de <a rel=\"noreferrer noopener\" href=\"https:\/\/www.eluniversal.com.mx\/tag\/estados-unidos\/\" target=\"_blank\"><strong>Estados Unidos<\/strong><\/a>. \u201cNosotros somos libres, somos independientes\u201d.<\/p><\/blockquote>\n\n\n\n<p>Asimismo, dijo que no se discuti\u00f3 con los funcionarios de la <strong>Casa Blanca<\/strong> el tema de la investigaci\u00f3n y <strong>sanciones <\/strong>del Departamento de Estado de Estados Unidos a ciudadanos <strong>mexicanos y empresas chinas<\/strong> por el tema del tr\u00e1fico de fentanilo.<\/p>\n\n\n\n<p>Fuente: <a href=\"https:\/\/www.eluniversal.com.mx\/nacion\/amlo-reconoce-acuerdo-con-eu-para-fortalecer-laboratorios-detectores-de-fentanilo-pero-rechaza-injerencia\/\" data-type=\"URL\" data-id=\"https:\/\/www.eluniversal.com.mx\/nacion\/amlo-reconoce-acuerdo-con-eu-para-fortalecer-laboratorios-detectores-de-fentanilo-pero-rechaza-injerencia\/\">El Universal<\/a><\/p>\n","protected":false},"excerpt":{"rendered":"<p>El presidente Andr\u00e9s Manuel L\u00f3pez Obrador reconoci\u00f3 que existe un acuerdo con Estados Unidos para fortalecer y lograr una mayor coordinaci\u00f3n de los laboratorios del gobierno mexicano para detectar el tr\u00e1fico de fentanilo, pero rechaz\u00f3 que en estas acciones de detecci\u00f3n vayan a participar agentes estadounidenses. Durante la conferencia ma\u00f1anera fue cuestionado sobre si en [&hellip;]<\/p>\n","protected":false},"author":35,"featured_media":58112,"comment_status":"open","ping_status":"open","sticky":false,"template":"","format":"standard","meta":{"_monsterinsights_skip_tracking":false,"_monsterinsights_sitenote_active":false,"_monsterinsights_sitenote_note":"","_monsterinsights_sitenote_category":0,"footnotes":""},"categories":[157],"tags":[2468,188,25515,183,7270,7803,4434,8979],"class_list":["post-108616","post","type-post","status-publish","format-standard","has-post-thumbnail","hentry","category-nacional","tag-acuerdo","tag-amlo","tag-defectores","tag-estados-unidos","tag-fentanilo","tag-fortalecer","tag-laboratorios","tag-reconoce","wp-image-borders"],"amp_enabled":true,"_links":{"self":[{"href":"https:\/\/nvnoticias.mx\/index.php\/wp-json\/wp\/v2\/posts\/108616","targetHints":{"allow":["GET"]}}],"collection":[{"href":"https:\/\/nvnoticias.mx\/index.php\/wp-json\/wp\/v2\/posts"}],"about":[{"href":"https:\/\/nvnoticias.mx\/index.php\/wp-json\/wp\/v2\/types\/post"}],"author":[{"embeddable":true,"href":"https:\/\/nvnoticias.mx\/index.php\/wp-json\/wp\/v2\/users\/35"}],"replies":[{"embeddable":true,"href":"https:\/\/nvnoticias.mx\/index.php\/wp-json\/wp\/v2\/comments?post=108616"}],"version-history":[{"count":1,"href":"https:\/\/nvnoticias.mx\/index.php\/wp-json\/wp\/v2\/posts\/108616\/revisions"}],"predecessor-version":[{"id":108617,"href":"https:\/\/nvnoticias.mx\/index.php\/wp-json\/wp\/v2\/posts\/108616\/revisions\/108617"}],"wp:featuredmedia":[{"embeddable":true,"href":"https:\/\/nvnoticias.mx\/index.php\/wp-json\/wp\/v2\/media\/58112"}],"wp:attachment":[{"href":"https:\/\/nvnoticias.mx\/index.php\/wp-json\/wp\/v2\/media?parent=108616"}],"wp:term":[{"taxonomy":"category","embeddable":true,"href":"https:\/\/nvnoticias.mx\/index.php\/wp-json\/wp\/v2\/categories?post=108616"},{"taxonomy":"post_tag","embeddable":true,"href":"https:\/\/nvnoticias.mx\/index.php\/wp-json\/wp\/v2\/tags?post=108616"}],"curies":[{"name":"wp","href":"https:\/\/api.w.org\/{rel}","templated":true}]}}