{"id":10860,"date":"2021-04-13T14:14:41","date_gmt":"2021-04-13T19:14:41","guid":{"rendered":"https:\/\/nvnoticias.mx\/?p=10860"},"modified":"2021-04-13T14:14:43","modified_gmt":"2021-04-13T19:14:43","slug":"el-15-comienza-aplicacion-de-segunda-dosis-en-veracruz","status":"publish","type":"post","link":"https:\/\/nvnoticias.mx\/index.php\/2021\/04\/13\/el-15-comienza-aplicacion-de-segunda-dosis-en-veracruz\/","title":{"rendered":"El 15 comienza aplicaci\u00f3n de segunda dosis en Veracruz"},"content":{"rendered":"\n<p><strong>Jes\u00fas Utrilla \/ NV Noticias <\/strong><\/p>\n\n\n\n<p>Del 15 al 20 de abril los adultos mayores del Puerto de Veracruz podr\u00e1n acudir al m\u00f3dulo que les corresponde a recibir la segunda dosis de Pfizer.<\/p>\n\n\n\n<p><br>El delegado de Programas Sociales, Manuel Huerta Ladr\u00f3n de Guevara, dijo que forzosamente deber\u00e1n presentar el comprobante de haber ya recibido una.<\/p>\n\n\n\n<p><br>Quienes hayan extraviado su comprobante pueden llamar al 2291 741506 para solicitar la reposici\u00f3n.<\/p>\n\n\n\n<p><br>Los d\u00edas 15,16, 17,18 y 19 de abril ser\u00e1n para atender a las personas conforme la letra de su apellido y el d\u00eda 20 visitar\u00e1n a quienes no se pueden movilizar.<\/p>\n\n\n\n<p><br>Ante los sem\u00e1foros verdes en varios estados del pa\u00eds, incluido Veracruz, la siguiente jornada de vacunaci\u00f3n podr\u00eda ser para los maestros y personas de entre 50 y 59 a\u00f1os de edad.<br><\/p>\n\n\n\n<p>Las personas que cumplieron 60 a\u00f1os despu\u00e9s de la primera etapa de la vacunaci\u00f3n podr\u00e1n recibir el biol\u00f3gico en la jornada para las edades de 50 a 59 a\u00f1os.<\/p>\n\n\n\n<p><br>Quienes no recibieron la primera dosis deber\u00e1n esperar a que concluya el calendario establecido para todo el estado para tener acceso a una jornada extraordinaria.<\/p>\n","protected":false},"excerpt":{"rendered":"<p>Jes\u00fas Utrilla \/ NV Noticias Del 15 al 20 de abril los adultos mayores del Puerto de Veracruz podr\u00e1n acudir al m\u00f3dulo que les corresponde a recibir la segunda dosis de Pfizer. El delegado de Programas Sociales, Manuel Huerta Ladr\u00f3n de Guevara, dijo que forzosamente deber\u00e1n presentar el comprobante de haber ya recibido una. Quienes [&hellip;]<\/p>\n","protected":false},"author":6,"featured_media":10861,"comment_status":"open","ping_status":"open","sticky":false,"template":"","format":"standard","meta":{"_monsterinsights_skip_tracking":false,"_monsterinsights_sitenote_active":false,"_monsterinsights_sitenote_note":"","_monsterinsights_sitenote_category":0,"footnotes":""},"categories":[154],"tags":[162,2753,217],"class_list":["post-10860","post","type-post","status-publish","format-standard","has-post-thumbnail","hentry","category-veracruz","tag-portada","tag-segunda-dosis","tag-vacuna","wp-image-borders"],"amp_enabled":true,"_links":{"self":[{"href":"https:\/\/nvnoticias.mx\/index.php\/wp-json\/wp\/v2\/posts\/10860","targetHints":{"allow":["GET"]}}],"collection":[{"href":"https:\/\/nvnoticias.mx\/index.php\/wp-json\/wp\/v2\/posts"}],"about":[{"href":"https:\/\/nvnoticias.mx\/index.php\/wp-json\/wp\/v2\/types\/post"}],"author":[{"embeddable":true,"href":"https:\/\/nvnoticias.mx\/index.php\/wp-json\/wp\/v2\/users\/6"}],"replies":[{"embeddable":true,"href":"https:\/\/nvnoticias.mx\/index.php\/wp-json\/wp\/v2\/comments?post=10860"}],"version-history":[{"count":1,"href":"https:\/\/nvnoticias.mx\/index.php\/wp-json\/wp\/v2\/posts\/10860\/revisions"}],"predecessor-version":[{"id":10862,"href":"https:\/\/nvnoticias.mx\/index.php\/wp-json\/wp\/v2\/posts\/10860\/revisions\/10862"}],"wp:featuredmedia":[{"embeddable":true,"href":"https:\/\/nvnoticias.mx\/index.php\/wp-json\/wp\/v2\/media\/10861"}],"wp:attachment":[{"href":"https:\/\/nvnoticias.mx\/index.php\/wp-json\/wp\/v2\/media?parent=10860"}],"wp:term":[{"taxonomy":"category","embeddable":true,"href":"https:\/\/nvnoticias.mx\/index.php\/wp-json\/wp\/v2\/categories?post=10860"},{"taxonomy":"post_tag","embeddable":true,"href":"https:\/\/nvnoticias.mx\/index.php\/wp-json\/wp\/v2\/tags?post=10860"}],"curies":[{"name":"wp","href":"https:\/\/api.w.org\/{rel}","templated":true}]}}