{"id":108588,"date":"2023-05-31T13:15:49","date_gmt":"2023-05-31T18:15:49","guid":{"rendered":"https:\/\/nvnoticias.mx\/?p=108588"},"modified":"2023-05-31T13:15:50","modified_gmt":"2023-05-31T18:15:50","slug":"el-arctic-sunrise-de-greenpeace-abrio-sus-puertas-a-los-veracruzanos","status":"publish","type":"post","link":"https:\/\/nvnoticias.mx\/index.php\/2023\/05\/31\/el-arctic-sunrise-de-greenpeace-abrio-sus-puertas-a-los-veracruzanos\/","title":{"rendered":"El Arctic Sunrise de Greenpeace abri\u00f3 sus puertas a los veracruzanos"},"content":{"rendered":"\n<p><strong>Jes\u00fas Utrilla \/ NV Noticias<\/strong><\/p>\n\n\n\n<p>La embarcaci\u00f3n Arctic Sunrise de Greenpeace abri\u00f3 sus puertas a los veracruzanos a partir de este mi\u00e9rcoles.<\/p>\n\n\n\n<p>Felipe Mart\u00ednez Padilla, coordinador de Barcos Abiertos de Greenpeace, inform\u00f3 que el horario de visita ser\u00e1 de 9:00 de la ma\u00f1ana a 6:30 de la tarde y para agilizar el acceso los interesados deber\u00e1n registrarse en la p\u00e1gina\u00a0<a rel=\"noreferrer noopener\" href=\"http:\/\/www.subetealbarco.com\/\" target=\"_blank\">www.subetealbarco.com<\/a><\/p>\n\n\n\n<blockquote class=\"wp-block-quote is-layout-flow wp-block-quote-is-layout-flow\"><p>\u201c<em>As\u00ed para cuando pasen por la estaci\u00f3n de registro ser un poco m\u00e1s fluido, de igual manera qui\u00e9n no pueda registrarse en la p\u00e1gina lo recibimos de igual manera, aunque no se hayan registrado. Nuestra principal atracci\u00f3n es el barco el Arctic Sunrise que recorre el mundo, lo podr\u00e1n recorrer de manera guiada, recibir\u00e1n informaci\u00f3n del funcionamiento, la tripulaci\u00f3n, un poco del trabajo que se hace desde el activismo<\/em>\u201d.<\/p><\/blockquote>\n\n\n\n<p>El recorrido por la embarcaci\u00f3n es gratuito. Adem\u00e1s en tierra se realizan diversas actividades como el tradicional danz\u00f3n y diversas actividades encaminadas a la protecci\u00f3n de los oc\u00e9anos.<\/p>\n\n\n\n<blockquote class=\"wp-block-quote is-layout-flow wp-block-quote-is-layout-flow\"><p>\u201c<em>Hay varias actividades para los ni\u00f1os, las familias, todo relacionado con temas medioambientales, durante el fin de semana tendremos un Mercadito Verde con productores locales que vender\u00e1n sus productos de origen org\u00e1nico ac\u00e1 con nosotros y actividades culturales viernes, s\u00e1bado y domingo<\/em>\u201d.<\/p><\/blockquote>\n\n\n\n<p>Invit\u00f3 a todos los veracruzanos para que visiten la embarcaci\u00f3n que ha recorrido el mundo en beneficio del medio ambiente.<\/p>\n","protected":false},"excerpt":{"rendered":"<p>Jes\u00fas Utrilla \/ NV Noticias La embarcaci\u00f3n Arctic Sunrise de Greenpeace abri\u00f3 sus puertas a los veracruzanos a partir de este mi\u00e9rcoles. Felipe Mart\u00ednez Padilla, coordinador de Barcos Abiertos de Greenpeace, inform\u00f3 que el horario de visita ser\u00e1 de 9:00 de la ma\u00f1ana a 6:30 de la tarde y para agilizar el acceso los interesados [&hellip;]<\/p>\n","protected":false},"author":8,"featured_media":108589,"comment_status":"open","ping_status":"open","sticky":false,"template":"","format":"standard","meta":{"_monsterinsights_skip_tracking":false,"_monsterinsights_sitenote_active":false,"_monsterinsights_sitenote_note":"","_monsterinsights_sitenote_category":0,"footnotes":""},"categories":[154],"tags":[25510,12539],"class_list":["post-108588","post","type-post","status-publish","format-standard","has-post-thumbnail","hentry","category-veracruz","tag-artic-sunrise","tag-greenpeace","wp-image-borders"],"amp_enabled":true,"_links":{"self":[{"href":"https:\/\/nvnoticias.mx\/index.php\/wp-json\/wp\/v2\/posts\/108588","targetHints":{"allow":["GET"]}}],"collection":[{"href":"https:\/\/nvnoticias.mx\/index.php\/wp-json\/wp\/v2\/posts"}],"about":[{"href":"https:\/\/nvnoticias.mx\/index.php\/wp-json\/wp\/v2\/types\/post"}],"author":[{"embeddable":true,"href":"https:\/\/nvnoticias.mx\/index.php\/wp-json\/wp\/v2\/users\/8"}],"replies":[{"embeddable":true,"href":"https:\/\/nvnoticias.mx\/index.php\/wp-json\/wp\/v2\/comments?post=108588"}],"version-history":[{"count":1,"href":"https:\/\/nvnoticias.mx\/index.php\/wp-json\/wp\/v2\/posts\/108588\/revisions"}],"predecessor-version":[{"id":108590,"href":"https:\/\/nvnoticias.mx\/index.php\/wp-json\/wp\/v2\/posts\/108588\/revisions\/108590"}],"wp:featuredmedia":[{"embeddable":true,"href":"https:\/\/nvnoticias.mx\/index.php\/wp-json\/wp\/v2\/media\/108589"}],"wp:attachment":[{"href":"https:\/\/nvnoticias.mx\/index.php\/wp-json\/wp\/v2\/media?parent=108588"}],"wp:term":[{"taxonomy":"category","embeddable":true,"href":"https:\/\/nvnoticias.mx\/index.php\/wp-json\/wp\/v2\/categories?post=108588"},{"taxonomy":"post_tag","embeddable":true,"href":"https:\/\/nvnoticias.mx\/index.php\/wp-json\/wp\/v2\/tags?post=108588"}],"curies":[{"name":"wp","href":"https:\/\/api.w.org\/{rel}","templated":true}]}}