{"id":108530,"date":"2023-05-30T22:40:00","date_gmt":"2023-05-31T03:40:00","guid":{"rendered":"https:\/\/nvnoticias.mx\/?p=108530"},"modified":"2023-05-30T23:57:12","modified_gmt":"2023-05-31T04:57:12","slug":"el-cremas-se-corona-como-rey-de-la-alegria-del-carnaval-de-veracruz-2023","status":"publish","type":"post","link":"https:\/\/nvnoticias.mx\/index.php\/2023\/05\/30\/el-cremas-se-corona-como-rey-de-la-alegria-del-carnaval-de-veracruz-2023\/","title":{"rendered":"&#8220;El Cremas&#8221; se corona como Rey de la Alegr\u00eda del Carnaval de Veracruz 2023"},"content":{"rendered":"\n<p>En un ambiente lleno de alegr\u00eda, con m\u00fasica y el calor que se registr\u00f3 a\u00fan por la noche del martes 30 de mayo, finalmente se llev\u00f3 a cabo el certamen en el que se eligi\u00f3 a C\u00e9sar Vargas &#8220;El Cremas&#8221; como Rey de la Alegr\u00eda del Carnaval de Veracruz 2023 en su edici\u00f3n n\u00famero 99.<\/p>\n\n\n\n<p>Con el distintivo color plata, Julio C\u00e9sar Garc\u00eda Vargas \u201cEl Cremas\u201d gan\u00f3 el certamen del rey del Carnaval de Veracruz 2023, al lograr el mayor puntaje de los 7 candidatos en las diferentes categor\u00edas que le fueron calificadas por el jurado.<\/p>\n\n\n\n<p>Fueron cuatro los aspectos que el jurado evalu\u00f3 con una calificaci\u00f3n que ten\u00eda como m\u00ednimo 5 y m\u00e1ximo 10. Las categor\u00edas en las que los candidatos dieron lo mejor de s\u00ed fueron pasarela, conocimiento, carisma y talento.<\/p>\n\n\n\n<p>Luego de aproximadamente 3 horas y tras una dif\u00edcil decisi\u00f3n de los jueces, \u00e9stos determinaron que Julio C\u00e9sar Garc\u00eda Vargas \u201cEl Cremas\u201d con el distintivo plata fuera el ganador de la contienda celebrada este pen\u00faltimo d\u00eda del mes de mayo.<\/p>\n\n\n\n<p>La corte real de parte de los hombres qued\u00f3 de la siguiente manera:<\/p>\n\n\n\n<p>-Rey del carnaval C\u00e9sar Vargas &#8220;El Cremas&#8221;, distintivo plata.<br>-Pr\u00edncipe primero Manuel Urdapilleta, distintivo azul.<br>-Pr\u00edncipe segundo Brian Ruiz &#8220;El mu\u00f1eco&#8221;, distintivo dorado.<br>-Pr\u00edncipe tercero Felipe Campos &#8220;El Celebrador&#8221;, distintivo blanco.<br>-Primer caballero de la alegr\u00eda Angel Villamar &#8220;\u00c1ntrax&#8221;, distintivo verde.<br>-Segundo caballero de la alegr\u00eda Johan Garc\u00eda, distintivo morado.<br>-Tercer caballero de la alegr\u00eda Israel Rodriguez &#8220;Pachi Pompotas&#8221;, distintivo guinda.<\/p>\n\n\n\n<p>Cabe mencionar que los 7 candidatos contaron con la compa\u00f1\u00eda de sus porras integradas por familiares, amigos, seguidores y p\u00fablico en general que se dio cita para presenciar el primer certamen de elecci\u00f3n del Rey de la Alegr\u00eda.<\/p>\n\n\n\n<p>El jurado calificador estuvo integrado por personalidades como Aida Flandes, ex reina del Carnaval de Veracruz en 1967; Ricardo Ca\u00f1as, historiador; Montalvo Sergio V\u00e1zquez, director del ballet Tradiciones de M\u00e9xico; Fallo Castillo, locutor de radio; Hugo Garrido, fot\u00f3grafo; Luis Bendimes, maquillista y Berenice Gir\u00f3n, conductora de televisi\u00f3n y cantante. Adem\u00e1s de la presencia del notario Rafael Valverde, el Comit\u00e9 Organizador del Carnaval y la alcaldesa de Veracruz.<\/p>\n\n\n\n<p>En la conducci\u00f3n del certamen de elecci\u00f3n del Rey de la Alegr\u00eda 2023 estuvieron la actriz y cantante Luz Edith Rojas y el actor Markin L\u00f3pez.<\/p>\n\n\n\n<p>Ser\u00e1 el mi\u00e9rcoles 31 de mayo que de la misma forma se elija a la Reina del Carnaval de Veracruz 2023, evento que de nueva cuenta ser\u00e1 realizado en el z\u00f3calo de Veracruz a las 6 de la tarde.<\/p>\n","protected":false},"excerpt":{"rendered":"<p>En un ambiente lleno de alegr\u00eda, con m\u00fasica y el calor que se registr\u00f3 a\u00fan por la noche del martes 30 de mayo, finalmente se llev\u00f3 a cabo el certamen en el que se eligi\u00f3 a C\u00e9sar Vargas &#8220;El Cremas&#8221; como Rey de la Alegr\u00eda del Carnaval de Veracruz 2023 en su edici\u00f3n n\u00famero 99. [&hellip;]<\/p>\n","protected":false},"author":8,"featured_media":108532,"comment_status":"open","ping_status":"open","sticky":false,"template":"","format":"standard","meta":{"_monsterinsights_skip_tracking":false,"_monsterinsights_sitenote_active":false,"_monsterinsights_sitenote_note":"","_monsterinsights_sitenote_category":0,"footnotes":""},"categories":[154],"tags":[1138,25503,162,12403],"class_list":["post-108530","post","type-post","status-publish","format-standard","has-post-thumbnail","hentry","category-veracruz","tag-carnaval-de-veracruz","tag-cesar-vargas-el-cremas","tag-portada","tag-rey-de-la-alegria","wp-image-borders"],"amp_enabled":true,"_links":{"self":[{"href":"https:\/\/nvnoticias.mx\/index.php\/wp-json\/wp\/v2\/posts\/108530","targetHints":{"allow":["GET"]}}],"collection":[{"href":"https:\/\/nvnoticias.mx\/index.php\/wp-json\/wp\/v2\/posts"}],"about":[{"href":"https:\/\/nvnoticias.mx\/index.php\/wp-json\/wp\/v2\/types\/post"}],"author":[{"embeddable":true,"href":"https:\/\/nvnoticias.mx\/index.php\/wp-json\/wp\/v2\/users\/8"}],"replies":[{"embeddable":true,"href":"https:\/\/nvnoticias.mx\/index.php\/wp-json\/wp\/v2\/comments?post=108530"}],"version-history":[{"count":1,"href":"https:\/\/nvnoticias.mx\/index.php\/wp-json\/wp\/v2\/posts\/108530\/revisions"}],"predecessor-version":[{"id":108533,"href":"https:\/\/nvnoticias.mx\/index.php\/wp-json\/wp\/v2\/posts\/108530\/revisions\/108533"}],"wp:featuredmedia":[{"embeddable":true,"href":"https:\/\/nvnoticias.mx\/index.php\/wp-json\/wp\/v2\/media\/108532"}],"wp:attachment":[{"href":"https:\/\/nvnoticias.mx\/index.php\/wp-json\/wp\/v2\/media?parent=108530"}],"wp:term":[{"taxonomy":"category","embeddable":true,"href":"https:\/\/nvnoticias.mx\/index.php\/wp-json\/wp\/v2\/categories?post=108530"},{"taxonomy":"post_tag","embeddable":true,"href":"https:\/\/nvnoticias.mx\/index.php\/wp-json\/wp\/v2\/tags?post=108530"}],"curies":[{"name":"wp","href":"https:\/\/api.w.org\/{rel}","templated":true}]}}