{"id":108481,"date":"2023-05-30T13:39:45","date_gmt":"2023-05-30T18:39:45","guid":{"rendered":"https:\/\/nvnoticias.mx\/?p=108481"},"modified":"2023-05-30T13:41:01","modified_gmt":"2023-05-30T18:41:01","slug":"se-reencuentra-con-su-sobrino-luego-de-9-anos-gracias-al-buque-simon-bolivar","status":"publish","type":"post","link":"https:\/\/nvnoticias.mx\/index.php\/2023\/05\/30\/se-reencuentra-con-su-sobrino-luego-de-9-anos-gracias-al-buque-simon-bolivar\/","title":{"rendered":"Se reencuentra con su sobrino luego de 9 a\u00f1os gracias al buque Sim\u00f3n Bol\u00edvar"},"content":{"rendered":"\n<p><strong>Jes\u00fas Utrilla \/ NV Noticias<\/strong><\/p>\n\n\n\n<p>Desde hace 14 a\u00f1os Yoli Carrillo abandon\u00f3 Venezuela en busca de una mejor calidad de vida y se estableci\u00f3 en Veracruz por motivos laborales.<\/p>\n\n\n\n<p>Con m\u00e1s de 9 a\u00f1os que no visita Venezuela, esta ma\u00f1ana se dio cita en el Muelle de la T de la Ciudad de Veracruz para despedir al Buque Escuela \u201cSim\u00f3n Bol\u00edvar\u201d de la armada venezolana, en el que viaja un sobrino al quien no ve\u00eda desde que dej\u00f3 su pa\u00eds natal.<\/p>\n\n\n\n<blockquote class=\"wp-block-quote is-layout-flow wp-block-quote-is-layout-flow\"><p>\u201c<em>No sabes la emoci\u00f3n que es ver un pedacito de tu tierra aqu\u00ed, a tus paisanos, a chicos que d\u00eda a d\u00eda est\u00e1n trabajando, luchando, sacando el pa\u00eds adelante. Desde que me dijo hace unas semanas estuvimos esperando a que llegara y estamos despidi\u00e9ndolo<\/em>\u201d.<\/p><\/blockquote>\n\n\n\n<p>Record\u00f3&nbsp;&nbsp;que lleg\u00f3 a M\u00e9xico con su esposo y una peque\u00f1a de 3 a\u00f1os, sin embargo, tuvo que dejar a su familia por motivos laborales.<\/p>\n\n\n\n<p>Reconoci\u00f3 que la situaci\u00f3n en Venezuela es dif\u00edcil, incluso debido a los tr\u00e1mites su familia no ha podido salir del pa\u00eds.<\/p>\n\n\n\n<blockquote class=\"wp-block-quote is-layout-flow wp-block-quote-is-layout-flow\"><p>\u201c<em>Tengo emociones encontradas, ellos cuando llegaron dijeron que el recibimiento de M\u00e9xico con ellos fue muy bello, desde que llegaron y en la despedida hay muchos mexicanos despidi\u00e9ndolo. Significa un reencuentro con mi tierra, con mis paisanos, el olor, la comida, cosas que extra\u00f1as estando en otro pa\u00eds<\/em>\u201d.<\/p><\/blockquote>\n\n\n\n<p>El buque escuela Sim\u00f3n Bol\u00edvar parti\u00f3 de Veracruz con rumbo a Puerto Progreso en Yucat\u00e1n.<\/p>\n","protected":false},"excerpt":{"rendered":"<p>Jes\u00fas Utrilla \/ NV Noticias Desde hace 14 a\u00f1os Yoli Carrillo abandon\u00f3 Venezuela en busca de una mejor calidad de vida y se estableci\u00f3 en Veracruz por motivos laborales. Con m\u00e1s de 9 a\u00f1os que no visita Venezuela, esta ma\u00f1ana se dio cita en el Muelle de la T de la Ciudad de Veracruz para [&hellip;]<\/p>\n","protected":false},"author":8,"featured_media":108483,"comment_status":"open","ping_status":"open","sticky":false,"template":"","format":"standard","meta":{"_monsterinsights_skip_tracking":false,"_monsterinsights_sitenote_active":false,"_monsterinsights_sitenote_note":"","_monsterinsights_sitenote_category":0,"footnotes":""},"categories":[154],"tags":[25393,19218],"class_list":["post-108481","post","type-post","status-publish","format-standard","has-post-thumbnail","hentry","category-veracruz","tag-buque-escuela-simon-bolivar","tag-reencuentro","wp-image-borders"],"amp_enabled":true,"_links":{"self":[{"href":"https:\/\/nvnoticias.mx\/index.php\/wp-json\/wp\/v2\/posts\/108481","targetHints":{"allow":["GET"]}}],"collection":[{"href":"https:\/\/nvnoticias.mx\/index.php\/wp-json\/wp\/v2\/posts"}],"about":[{"href":"https:\/\/nvnoticias.mx\/index.php\/wp-json\/wp\/v2\/types\/post"}],"author":[{"embeddable":true,"href":"https:\/\/nvnoticias.mx\/index.php\/wp-json\/wp\/v2\/users\/8"}],"replies":[{"embeddable":true,"href":"https:\/\/nvnoticias.mx\/index.php\/wp-json\/wp\/v2\/comments?post=108481"}],"version-history":[{"count":2,"href":"https:\/\/nvnoticias.mx\/index.php\/wp-json\/wp\/v2\/posts\/108481\/revisions"}],"predecessor-version":[{"id":108486,"href":"https:\/\/nvnoticias.mx\/index.php\/wp-json\/wp\/v2\/posts\/108481\/revisions\/108486"}],"wp:featuredmedia":[{"embeddable":true,"href":"https:\/\/nvnoticias.mx\/index.php\/wp-json\/wp\/v2\/media\/108483"}],"wp:attachment":[{"href":"https:\/\/nvnoticias.mx\/index.php\/wp-json\/wp\/v2\/media?parent=108481"}],"wp:term":[{"taxonomy":"category","embeddable":true,"href":"https:\/\/nvnoticias.mx\/index.php\/wp-json\/wp\/v2\/categories?post=108481"},{"taxonomy":"post_tag","embeddable":true,"href":"https:\/\/nvnoticias.mx\/index.php\/wp-json\/wp\/v2\/tags?post=108481"}],"curies":[{"name":"wp","href":"https:\/\/api.w.org\/{rel}","templated":true}]}}