{"id":108466,"date":"2023-05-30T11:57:54","date_gmt":"2023-05-30T16:57:54","guid":{"rendered":"https:\/\/nvnoticias.mx\/?p=108466"},"modified":"2023-05-30T11:57:54","modified_gmt":"2023-05-30T16:57:54","slug":"anuncian-jornada-masiva-de-reforestacion-en-veracruz","status":"publish","type":"post","link":"https:\/\/nvnoticias.mx\/index.php\/2023\/05\/30\/anuncian-jornada-masiva-de-reforestacion-en-veracruz\/","title":{"rendered":"Anuncian jornada masiva de reforestaci\u00f3n en Veracruz"},"content":{"rendered":"\n<p><strong>Sam Ojeda\u00a0\/ NV Noticias<\/strong><\/p>\n\n\n\n<p>Xalapa.- pr\u00f3ximo 4 de junio se realizar\u00e1 la jornada de reforestaci\u00f3n m\u00e1s grande en el estado, inform\u00f3 el secretario de Medio Ambiente, Juan Carlos Contreras Bautista.<\/p>\n\n\n\n<p>Indic\u00f3 que tienen el objetivo de plantar 82 mil plantas durante la jornada denominada &#8220;Fabriquemos Agua Reforestando\u201d.<\/p>\n\n\n\n<p>Indic\u00f3 que se realizar\u00e1 a las 9 de la ma\u00f1ana de manera simult\u00e1nea en 32 municipios. &nbsp;<\/p>\n\n\n\n<blockquote class=\"wp-block-quote is-layout-flow wp-block-quote-is-layout-flow\"><p>\u201c<em>Vamos a estar en 32 municipios, esos tambi\u00e9n son los municipios con los cuales se les ha destinado un recurso para la prevenci\u00f3n de incendios m\u00e1s de 50 millones de pesos<\/em>\u201d.\u00a0<\/p><\/blockquote>\n\n\n\n<p>Las plantas son producidas en los nueve viveros con los que cuenta el Gobierno del Estado.&nbsp;<\/p>\n\n\n\n<blockquote class=\"wp-block-quote is-layout-flow wp-block-quote-is-layout-flow\"><p>\u201c<em>Vamos a plantar gran parte de esas plantas y van a ser en los lugares que fueron incendiados<\/em>\u201d, dijo.<\/p><\/blockquote>\n\n\n\n<p>Entre los municipios en los que se realizar\u00e1 esta reforestaci\u00f3n est\u00e1 Acajete, Acultzingo, Catemaco, Jalacingo, Las Choapas, Las Minas, La Perla, Las Vigas de Ram\u00edrez, Malrtata, Minatitl\u00e1n, San Andr\u00e9s Tuxtla, Tatatila, entre otros.<\/p>\n\n\n\n<p>Como parte de la Semana del Medio Ambiente del 2 al 10 de junio se llevar\u00e1n a cabo 12 eventos con la participaci\u00f3n de 74 municipios.<\/p>\n\n\n\n<p>Adem\u00e1s un Foro Regional de Cambio Clim\u00e1tico el mismo lunes 5 en el Instituto Tecnol\u00f3gico Superior de Chicontepec.<\/p>\n\n\n\n<p>El mi\u00e9rcoles 7 habr\u00e1 un ciclo de conferencias en el centro cultural Carmela Rey que tiene como objetivo crear un espacio de difusi\u00f3n de distintos temas ambientales como Agua y Sociedad, Importancia de los Humedales y Ganader\u00eda Regenerativa.<\/p>\n","protected":false},"excerpt":{"rendered":"<p>Sam Ojeda\u00a0\/ NV Noticias Xalapa.- pr\u00f3ximo 4 de junio se realizar\u00e1 la jornada de reforestaci\u00f3n m\u00e1s grande en el estado, inform\u00f3 el secretario de Medio Ambiente, Juan Carlos Contreras Bautista. Indic\u00f3 que tienen el objetivo de plantar 82 mil plantas durante la jornada denominada &#8220;Fabriquemos Agua Reforestando\u201d. Indic\u00f3 que se realizar\u00e1 a las 9 de [&hellip;]<\/p>\n","protected":false},"author":8,"featured_media":108467,"comment_status":"open","ping_status":"open","sticky":false,"template":"","format":"standard","meta":{"_monsterinsights_skip_tracking":false,"_monsterinsights_sitenote_active":false,"_monsterinsights_sitenote_note":"","_monsterinsights_sitenote_category":0,"footnotes":""},"categories":[1],"tags":[15771],"class_list":["post-108466","post","type-post","status-publish","format-standard","has-post-thumbnail","hentry","category-uncategorized","tag-reforestacion","wp-image-borders"],"amp_enabled":true,"_links":{"self":[{"href":"https:\/\/nvnoticias.mx\/index.php\/wp-json\/wp\/v2\/posts\/108466","targetHints":{"allow":["GET"]}}],"collection":[{"href":"https:\/\/nvnoticias.mx\/index.php\/wp-json\/wp\/v2\/posts"}],"about":[{"href":"https:\/\/nvnoticias.mx\/index.php\/wp-json\/wp\/v2\/types\/post"}],"author":[{"embeddable":true,"href":"https:\/\/nvnoticias.mx\/index.php\/wp-json\/wp\/v2\/users\/8"}],"replies":[{"embeddable":true,"href":"https:\/\/nvnoticias.mx\/index.php\/wp-json\/wp\/v2\/comments?post=108466"}],"version-history":[{"count":1,"href":"https:\/\/nvnoticias.mx\/index.php\/wp-json\/wp\/v2\/posts\/108466\/revisions"}],"predecessor-version":[{"id":108468,"href":"https:\/\/nvnoticias.mx\/index.php\/wp-json\/wp\/v2\/posts\/108466\/revisions\/108468"}],"wp:featuredmedia":[{"embeddable":true,"href":"https:\/\/nvnoticias.mx\/index.php\/wp-json\/wp\/v2\/media\/108467"}],"wp:attachment":[{"href":"https:\/\/nvnoticias.mx\/index.php\/wp-json\/wp\/v2\/media?parent=108466"}],"wp:term":[{"taxonomy":"category","embeddable":true,"href":"https:\/\/nvnoticias.mx\/index.php\/wp-json\/wp\/v2\/categories?post=108466"},{"taxonomy":"post_tag","embeddable":true,"href":"https:\/\/nvnoticias.mx\/index.php\/wp-json\/wp\/v2\/tags?post=108466"}],"curies":[{"name":"wp","href":"https:\/\/api.w.org\/{rel}","templated":true}]}}