{"id":108460,"date":"2023-05-30T11:46:38","date_gmt":"2023-05-30T16:46:38","guid":{"rendered":"https:\/\/nvnoticias.mx\/?p=108460"},"modified":"2023-05-30T11:46:39","modified_gmt":"2023-05-30T16:46:39","slug":"esta-tarde-elegiran-al-rey-de-la-alegria-del-carnaval-de-veracruz-2023","status":"publish","type":"post","link":"https:\/\/nvnoticias.mx\/index.php\/2023\/05\/30\/esta-tarde-elegiran-al-rey-de-la-alegria-del-carnaval-de-veracruz-2023\/","title":{"rendered":"Esta tarde elegir\u00e1n al Rey de la Alegr\u00eda del Carnaval de Veracruz 2023"},"content":{"rendered":"\n<p><strong>Jes\u00fas Utrilla \/ NV Noticias<\/strong><\/p>\n\n\n\n<p>Este martes a las 6 de la tarde ser\u00e1 el certamen para elegir al rey del Carnaval de Veracruz 2023. Luis Antonio P\u00e9rez Fraga, presidente del comit\u00e9 organizador afirm\u00f3 que el mecanismo no ser\u00e1 cuestionable y la ciudadan\u00eda quedar\u00e1 satisfecha ya que ser\u00e1 un m\u00e9todo transparente.\u00a0<\/p>\n\n\n\n<blockquote class=\"wp-block-quote is-layout-flow wp-block-quote-is-layout-flow\"><p><em>\u201cSe va a votar con paletas, con los n\u00fameros hacia adelante y hacia atr\u00e1s por lo que la gente puede ir llevando su contabilidad en cada una de las seis votaciones, al final en la prueba de talento se sabr\u00e1 qui\u00e9n es la reina y quien es el rey<\/em>\u201d.<\/p><\/blockquote>\n\n\n\n<p>Cabe recordar que la elecci\u00f3n de rey y reina se har\u00e1 por certamen de conocimientos con jurados. La inscripci\u00f3n para ambos casos fue de 600 UMAS, equivalente a 62 mil pesos y fue pago \u00fanico, ya que anteriormente hab\u00eda bono de continuidad de 100 mil pesos pues la inscripci\u00f3n era de 25 mil pesos.<\/p>\n\n\n\n<p>A trav\u00e9s de varias pruebas entre vestido de noche, conocimientos de historia, del carnaval y de turismo se determinar\u00e1 al ganador.<\/p>\n\n\n\n<p>Ser\u00e1n en total siete jurados y habr\u00e1 artistas sorpresa. El certamen se realizar\u00e1 en el z\u00f3calo de la ciudad de Veracruz el martes 30 de mayo y el mi\u00e9rcoles 31.<\/p>\n\n\n\n<p>Las candidatas a Reinas del Carnaval de Veracruz 2023 son: Cecilia Maryely Mora Flores, con el distintivo azul; G\u00e9nesis Vera Fern\u00e1ndez, distintivo color verde; Ang\u00e9lica Morf\u00edn Estrada, distintivo dorado, Pamela Aquino e Itzel C\u00e1rdenas Hern\u00e1ndez, con el distintivo rojo.<\/p>\n\n\n\n<p>Los candidatos a Rey de la Alegr\u00eda son: Manuel Alberto L\u00f3pez Urdapilleta, con el distintivo azul; Nello \u00c1ngel Villamar Carrillo \u201cAntrax\u201d, distintivo verde; Brian Alejandro Ruiz Vega \u201cEl Mu\u00f1eco\u201d, distintivo dorado; Johan Dar\u00edo Garc\u00eda L\u00f3pez, distintivo morado; Felipe Luis Hern\u00e1ndez Campos \u201cEl Celebrador\u201d, distintivo blanco; Julio C\u00e9sar Garc\u00eda Vargas \u201cEl Cremas\u201d, distintivo plata e Israel Lucio Rodr\u00edguez \u201cPachi Pompotas\u201d, distintivo guinda.<\/p>\n","protected":false},"excerpt":{"rendered":"<p>Jes\u00fas Utrilla \/ NV Noticias Este martes a las 6 de la tarde ser\u00e1 el certamen para elegir al rey del Carnaval de Veracruz 2023. Luis Antonio P\u00e9rez Fraga, presidente del comit\u00e9 organizador afirm\u00f3 que el mecanismo no ser\u00e1 cuestionable y la ciudadan\u00eda quedar\u00e1 satisfecha ya que ser\u00e1 un m\u00e9todo transparente.\u00a0 \u201cSe va a votar [&hellip;]<\/p>\n","protected":false},"author":8,"featured_media":108461,"comment_status":"open","ping_status":"open","sticky":false,"template":"","format":"standard","meta":{"_monsterinsights_skip_tracking":false,"_monsterinsights_sitenote_active":false,"_monsterinsights_sitenote_note":"","_monsterinsights_sitenote_category":0,"footnotes":""},"categories":[1],"tags":[1138,12403],"class_list":["post-108460","post","type-post","status-publish","format-standard","has-post-thumbnail","hentry","category-uncategorized","tag-carnaval-de-veracruz","tag-rey-de-la-alegria","wp-image-borders"],"amp_enabled":true,"_links":{"self":[{"href":"https:\/\/nvnoticias.mx\/index.php\/wp-json\/wp\/v2\/posts\/108460","targetHints":{"allow":["GET"]}}],"collection":[{"href":"https:\/\/nvnoticias.mx\/index.php\/wp-json\/wp\/v2\/posts"}],"about":[{"href":"https:\/\/nvnoticias.mx\/index.php\/wp-json\/wp\/v2\/types\/post"}],"author":[{"embeddable":true,"href":"https:\/\/nvnoticias.mx\/index.php\/wp-json\/wp\/v2\/users\/8"}],"replies":[{"embeddable":true,"href":"https:\/\/nvnoticias.mx\/index.php\/wp-json\/wp\/v2\/comments?post=108460"}],"version-history":[{"count":1,"href":"https:\/\/nvnoticias.mx\/index.php\/wp-json\/wp\/v2\/posts\/108460\/revisions"}],"predecessor-version":[{"id":108462,"href":"https:\/\/nvnoticias.mx\/index.php\/wp-json\/wp\/v2\/posts\/108460\/revisions\/108462"}],"wp:featuredmedia":[{"embeddable":true,"href":"https:\/\/nvnoticias.mx\/index.php\/wp-json\/wp\/v2\/media\/108461"}],"wp:attachment":[{"href":"https:\/\/nvnoticias.mx\/index.php\/wp-json\/wp\/v2\/media?parent=108460"}],"wp:term":[{"taxonomy":"category","embeddable":true,"href":"https:\/\/nvnoticias.mx\/index.php\/wp-json\/wp\/v2\/categories?post=108460"},{"taxonomy":"post_tag","embeddable":true,"href":"https:\/\/nvnoticias.mx\/index.php\/wp-json\/wp\/v2\/tags?post=108460"}],"curies":[{"name":"wp","href":"https:\/\/api.w.org\/{rel}","templated":true}]}}