{"id":108457,"date":"2023-05-30T11:36:59","date_gmt":"2023-05-30T16:36:59","guid":{"rendered":"https:\/\/nvnoticias.mx\/?p=108457"},"modified":"2023-05-30T11:37:00","modified_gmt":"2023-05-30T16:37:00","slug":"parte-de-veracruz-el-buque-venezolano-simon-bolivar","status":"publish","type":"post","link":"https:\/\/nvnoticias.mx\/index.php\/2023\/05\/30\/parte-de-veracruz-el-buque-venezolano-simon-bolivar\/","title":{"rendered":"Parte de Veracruz el buque venezolano Sim\u00f3n Bol\u00edvar"},"content":{"rendered":"\n<p><strong>Jes\u00fas Utrilla \/ NV Noticias<\/strong><\/p>\n\n\n\n<p>Despu\u00e9s de su estancia en Veracruz, el buque venezolano Sim\u00f3n Bol\u00edvar zarp\u00f3 hacia su pr\u00f3ximo destino. <\/p>\n\n\n\n<p>La despedida fue emotiva, con la presencia de venezolanos, as\u00ed como familiares y amigos de los cadetes a bordo.<\/p>\n\n\n\n<p>El buque formaba parte del XXXIII Crucero de Instrucci\u00f3n al Exterior &#8220;Caribe 2023&#8221; y su visita a Veracruz fue celebrada con una actuaci\u00f3n especial de la Banda de M\u00fasica de la Marina. <\/p>\n\n\n\n<p>Es importante destacar que el buque parti\u00f3 del puerto de La Guaira el pasado 12 de abril, llevando consigo a 65 cadetes de la Universidad Militar Bolivariana de Venezuela. <\/p>\n\n\n\n<p>Antes de llegar a M\u00e9xico, el buque visit\u00f3 previamente Barbados, San Crist\u00f3bal y Nieves, y Cuba. Durante la despedida en Veracruz, amenizo la Banda de M\u00fasica de la Marina.<\/p>\n\n\n\n<p>Abajo, algunas personas se dieron cita para tomarse fotograf\u00edas o despedir a quienes viaja \u00a0a bordo del buque.<\/p>\n\n\n\n<p>Zarp\u00f3 de Veracruz y se dirige a Yucat\u00e1n, despu\u00e9s ir\u00e1 a Cartagena, Colombia, donde estar\u00e1 del 25 al 29 de junio.<\/p>\n","protected":false},"excerpt":{"rendered":"<p>Jes\u00fas Utrilla \/ NV Noticias Despu\u00e9s de su estancia en Veracruz, el buque venezolano Sim\u00f3n Bol\u00edvar zarp\u00f3 hacia su pr\u00f3ximo destino. La despedida fue emotiva, con la presencia de venezolanos, as\u00ed como familiares y amigos de los cadetes a bordo. El buque formaba parte del XXXIII Crucero de Instrucci\u00f3n al Exterior &#8220;Caribe 2023&#8221; y su [&hellip;]<\/p>\n","protected":false},"author":8,"featured_media":108458,"comment_status":"open","ping_status":"open","sticky":false,"template":"","format":"standard","meta":{"_monsterinsights_skip_tracking":false,"_monsterinsights_sitenote_active":false,"_monsterinsights_sitenote_note":"","_monsterinsights_sitenote_category":0,"footnotes":""},"categories":[154],"tags":[25393,162],"class_list":["post-108457","post","type-post","status-publish","format-standard","has-post-thumbnail","hentry","category-veracruz","tag-buque-escuela-simon-bolivar","tag-portada","wp-image-borders"],"amp_enabled":true,"_links":{"self":[{"href":"https:\/\/nvnoticias.mx\/index.php\/wp-json\/wp\/v2\/posts\/108457","targetHints":{"allow":["GET"]}}],"collection":[{"href":"https:\/\/nvnoticias.mx\/index.php\/wp-json\/wp\/v2\/posts"}],"about":[{"href":"https:\/\/nvnoticias.mx\/index.php\/wp-json\/wp\/v2\/types\/post"}],"author":[{"embeddable":true,"href":"https:\/\/nvnoticias.mx\/index.php\/wp-json\/wp\/v2\/users\/8"}],"replies":[{"embeddable":true,"href":"https:\/\/nvnoticias.mx\/index.php\/wp-json\/wp\/v2\/comments?post=108457"}],"version-history":[{"count":1,"href":"https:\/\/nvnoticias.mx\/index.php\/wp-json\/wp\/v2\/posts\/108457\/revisions"}],"predecessor-version":[{"id":108459,"href":"https:\/\/nvnoticias.mx\/index.php\/wp-json\/wp\/v2\/posts\/108457\/revisions\/108459"}],"wp:featuredmedia":[{"embeddable":true,"href":"https:\/\/nvnoticias.mx\/index.php\/wp-json\/wp\/v2\/media\/108458"}],"wp:attachment":[{"href":"https:\/\/nvnoticias.mx\/index.php\/wp-json\/wp\/v2\/media?parent=108457"}],"wp:term":[{"taxonomy":"category","embeddable":true,"href":"https:\/\/nvnoticias.mx\/index.php\/wp-json\/wp\/v2\/categories?post=108457"},{"taxonomy":"post_tag","embeddable":true,"href":"https:\/\/nvnoticias.mx\/index.php\/wp-json\/wp\/v2\/tags?post=108457"}],"curies":[{"name":"wp","href":"https:\/\/api.w.org\/{rel}","templated":true}]}}