{"id":108391,"date":"2023-05-29T17:06:23","date_gmt":"2023-05-29T22:06:23","guid":{"rendered":"https:\/\/nvnoticias.mx\/?p=108391"},"modified":"2023-05-29T17:06:56","modified_gmt":"2023-05-29T22:06:56","slug":"internan-a-daniel-bisogno-de-emergencia-y-conductores-de-ventaneando-muestran-preocupacion","status":"publish","type":"post","link":"https:\/\/nvnoticias.mx\/index.php\/2023\/05\/29\/internan-a-daniel-bisogno-de-emergencia-y-conductores-de-ventaneando-muestran-preocupacion\/","title":{"rendered":"Internan a Daniel Bisogno de emergencia y conductores de &#8220;Ventaneando&#8221; muestran preocupaci\u00f3n"},"content":{"rendered":"\n<p>Esta tarde, Pati Chapoy inform\u00f3 del delicado estado de salud que atraviesa Daniel Bisgno, quien fue ingresado a terapia intensiva desde el pasado s\u00e1bado, d\u00eda en que present\u00f3 molestias que, de acuerdo con el parte m\u00e9dico del conductor, se presentaron por problemas hep\u00e1ticos que ya le han sido controlados, sin embargo, todav\u00eda permanece en el hospital y, por lo dicho por la periodista, seguir\u00e1 internado hasta nuevo aviso.<\/p>\n\n\n\n<p>Durante la emisi\u00f3n de hoy de &#8220;Ventaneando&#8221;, Chapoy sorprendi\u00f3 con la noticia de la inesperada hospitalizaci\u00f3n de Bisgno, de 50 a\u00f1os, luego de que el viernes 26 de mayo manifestara una serie de molestias, por las que fue a revisi\u00f3n m\u00e9dica al d\u00eda siguiente. Luego de que sus doctores establecieran que se trataba de una falla hep\u00e1tica, &#8220;el Mu\u00f1eco&#8221; fue trasladado a urgencias, debido a que estuvo a punto de que se le reventaran las varices del es\u00f3fago, seg\u00fan lo reportado por Pati.<\/p>\n\n\n\n<p>De acuerdo con la periodista mexicana, Daniel fue sometido a una intervenci\u00f3n quir\u00fargica que consinti\u00f3 en ligar y reforzar las varices que estuvieron a punto de reventarse, reconociendo que el estado de salud de su compa\u00f1ero era delicado, pero estaba controlado por el buen manejo de las y los especialistas que se encargan del conductor, quien -por fortuna- acudi\u00f3 a ser atendido de forma oportuna.<\/p>\n\n\n\n<p>De hecho, Pedro Sola, Linette Puente y M\u00f3nica Casta\u00f1eda, los conductores que se encargaron de la conducci\u00f3n del programa de esta tarde, se mostraron muy sorprendidos ante esta noticia, pues Pati revel\u00f3 que, del equipo de trabajo de &#8220;Ventanenado&#8221;, tan s\u00f3lo ella y la productora del programa de Espect\u00e1culos, denominada como &#8220;Ari&#8221;, conoc\u00edan el estado de salud de Bisogno, motivo por el que &#8220;Pedrito&#8221; se dijo muy consternado, refrendando el gran cari\u00f1o que siente por su compa\u00f1ero:<\/p>\n\n\n\n<blockquote class=\"wp-block-quote is-layout-flow wp-block-quote-is-layout-flow\"><p>&#8221; Fue algo sorpresivo, est\u00e1bamos aqu\u00ed todos con \u00e9l, y de repente, hoy en la ma\u00f1ana nos enteramos, bueno&#8230; Paty y Ari se enteraron el fin, los dem\u00e1s hoy (y) nos provoc\u00f3 una preocupaci\u00f3n muy seria, tengo un gran cari\u00f1o por Daniel, lo admiramos mucho, es nuestro compa\u00f1ero desde hace 26 a\u00f1os&#8221;, dijo el presentador de TV, mientras que sus compa\u00f1eras expresaban que el cari\u00f1o era generalizado, pues tanto ellas como la producci\u00f3n estimaban mucho al &#8220;Mu\u00f1eco&#8221;.<\/p><\/blockquote>\n\n\n\n<p>Fuente: Infobae <\/p>\n","protected":false},"excerpt":{"rendered":"<p>Esta tarde, Pati Chapoy inform\u00f3 del delicado estado de salud que atraviesa Daniel Bisgno, quien fue ingresado a terapia intensiva desde el pasado s\u00e1bado, d\u00eda en que present\u00f3 molestias que, de acuerdo con el parte m\u00e9dico del conductor, se presentaron por problemas hep\u00e1ticos que ya le han sido controlados, sin embargo, todav\u00eda permanece en el [&hellip;]<\/p>\n","protected":false},"author":35,"featured_media":108393,"comment_status":"open","ping_status":"open","sticky":false,"template":"","format":"standard","meta":{"_monsterinsights_skip_tracking":false,"_monsterinsights_sitenote_active":false,"_monsterinsights_sitenote_note":"","_monsterinsights_sitenote_category":0,"footnotes":""},"categories":[576],"tags":[2221,25482,262,18492,16039,8691,1429],"class_list":["post-108391","post","type-post","status-publish","format-standard","has-post-thumbnail","hentry","category-ocio","tag-conductores","tag-daniel-bisogno","tag-emergencia","tag-internan","tag-muestran","tag-preocupacion","tag-ventaneando","wp-image-borders"],"amp_enabled":true,"_links":{"self":[{"href":"https:\/\/nvnoticias.mx\/index.php\/wp-json\/wp\/v2\/posts\/108391","targetHints":{"allow":["GET"]}}],"collection":[{"href":"https:\/\/nvnoticias.mx\/index.php\/wp-json\/wp\/v2\/posts"}],"about":[{"href":"https:\/\/nvnoticias.mx\/index.php\/wp-json\/wp\/v2\/types\/post"}],"author":[{"embeddable":true,"href":"https:\/\/nvnoticias.mx\/index.php\/wp-json\/wp\/v2\/users\/35"}],"replies":[{"embeddable":true,"href":"https:\/\/nvnoticias.mx\/index.php\/wp-json\/wp\/v2\/comments?post=108391"}],"version-history":[{"count":4,"href":"https:\/\/nvnoticias.mx\/index.php\/wp-json\/wp\/v2\/posts\/108391\/revisions"}],"predecessor-version":[{"id":108396,"href":"https:\/\/nvnoticias.mx\/index.php\/wp-json\/wp\/v2\/posts\/108391\/revisions\/108396"}],"wp:featuredmedia":[{"embeddable":true,"href":"https:\/\/nvnoticias.mx\/index.php\/wp-json\/wp\/v2\/media\/108393"}],"wp:attachment":[{"href":"https:\/\/nvnoticias.mx\/index.php\/wp-json\/wp\/v2\/media?parent=108391"}],"wp:term":[{"taxonomy":"category","embeddable":true,"href":"https:\/\/nvnoticias.mx\/index.php\/wp-json\/wp\/v2\/categories?post=108391"},{"taxonomy":"post_tag","embeddable":true,"href":"https:\/\/nvnoticias.mx\/index.php\/wp-json\/wp\/v2\/tags?post=108391"}],"curies":[{"name":"wp","href":"https:\/\/api.w.org\/{rel}","templated":true}]}}