{"id":108366,"date":"2023-05-29T14:40:17","date_gmt":"2023-05-29T19:40:17","guid":{"rendered":"https:\/\/nvnoticias.mx\/?p=108366"},"modified":"2023-05-29T14:40:19","modified_gmt":"2023-05-29T19:40:19","slug":"eligen-a-la-reina-infantil-del-carnaval-de-veracruz","status":"publish","type":"post","link":"https:\/\/nvnoticias.mx\/index.php\/2023\/05\/29\/eligen-a-la-reina-infantil-del-carnaval-de-veracruz\/","title":{"rendered":"Eligen a la reina infantil del Carnaval de Veracruz"},"content":{"rendered":"\n<p><strong>Jes\u00fas Utrilla \/ NV Noticias <\/strong><\/p>\n\n\n\n<p>Daniela Rivera Galindo gan\u00f3 como la reina infantil electa del Carnaval de Veracruz 2023, obteniendo un total de 71 mil 730 votos o pesos. <\/p>\n\n\n\n<p>El recuento de votos tuvo lugar en el z\u00f3calo de Veracruz, en presencia del notario Rafael Valverde. <\/p>\n\n\n\n<p>Daniela Rivera felicit\u00f3 a todas las participantes y expres\u00f3 su deseo de convertirse en reina del Carnaval de Veracruz en unos a\u00f1os. <\/p>\n\n\n\n<p>El evento se llev\u00f3 a cabo frente al Comit\u00e9 de Carnaval, donde asistieron las porras de las dos ni\u00f1as que llegaron a la etapa final del recuento de votos.<\/p>\n\n\n\n<blockquote class=\"wp-block-quote is-layout-flow wp-block-quote-is-layout-flow\"><p>&#8220;Agradezco el apoyo de mis patrocinadores, mi equipo, mi familia. Mi mam\u00e1 siempre se preocup\u00f3 por m\u00ed, trabajamos mucho juntas. Le dije a mi mam\u00e1 que quer\u00eda ganar y que deb\u00edamos esforzarnos, y as\u00ed lo hicimos. Estoy realmente emocionada y sorprendida, \u00a1me siento muy feliz!&#8221;.<\/p><\/blockquote>\n\n\n\n<p>Valentina Morales Caballero qued\u00f3 en el primer puesto como princesa, al obtener 63 mil 653 votos. <\/p>\n\n\n\n<p>En su discurso, agradeci\u00f3 a su familia y patrocinadores por su apoyo y mencion\u00f3 su deseo de regresar en unos a\u00f1os para postularse como reina del Carnaval de Veracruz.<\/p>\n\n\n\n<blockquote class=\"wp-block-quote is-layout-flow wp-block-quote-is-layout-flow\"><p>&#8220;Deseo agradecer a mi mam\u00e1, gracias a ella estoy aqu\u00ed, y tambi\u00e9n a mi pap\u00e1. Esperen mi regreso en unos a\u00f1os, porque otro de mis sue\u00f1os es convertirme en reina&#8221;.<\/p><\/blockquote>\n\n\n\n<p>Patricio &#8220;Pato&#8221; Veloz fue designado como el rey infantil del Carnaval de Veracruz, siendo el \u00fanico aspirante.<\/p>\n\n\n\n<p>Las designaciones para las festividades del Carnaval de Veracruz 2023 se llevar\u00e1n a cabo el martes y mi\u00e9rcoles mediante un concurso que evaluar\u00e1 conocimientos y simpat\u00eda.<\/p>\n","protected":false},"excerpt":{"rendered":"<p>Jes\u00fas Utrilla \/ NV Noticias Daniela Rivera Galindo gan\u00f3 como la reina infantil electa del Carnaval de Veracruz 2023, obteniendo un total de 71 mil 730 votos o pesos. El recuento de votos tuvo lugar en el z\u00f3calo de Veracruz, en presencia del notario Rafael Valverde. Daniela Rivera felicit\u00f3 a todas las participantes y expres\u00f3 [&hellip;]<\/p>\n","protected":false},"author":8,"featured_media":108369,"comment_status":"open","ping_status":"open","sticky":false,"template":"","format":"standard","meta":{"_monsterinsights_skip_tracking":false,"_monsterinsights_sitenote_active":false,"_monsterinsights_sitenote_note":"","_monsterinsights_sitenote_category":0,"footnotes":""},"categories":[154],"tags":[1138,12380],"class_list":["post-108366","post","type-post","status-publish","format-standard","has-post-thumbnail","hentry","category-veracruz","tag-carnaval-de-veracruz","tag-reina-infantil","wp-image-borders"],"amp_enabled":true,"_links":{"self":[{"href":"https:\/\/nvnoticias.mx\/index.php\/wp-json\/wp\/v2\/posts\/108366","targetHints":{"allow":["GET"]}}],"collection":[{"href":"https:\/\/nvnoticias.mx\/index.php\/wp-json\/wp\/v2\/posts"}],"about":[{"href":"https:\/\/nvnoticias.mx\/index.php\/wp-json\/wp\/v2\/types\/post"}],"author":[{"embeddable":true,"href":"https:\/\/nvnoticias.mx\/index.php\/wp-json\/wp\/v2\/users\/8"}],"replies":[{"embeddable":true,"href":"https:\/\/nvnoticias.mx\/index.php\/wp-json\/wp\/v2\/comments?post=108366"}],"version-history":[{"count":1,"href":"https:\/\/nvnoticias.mx\/index.php\/wp-json\/wp\/v2\/posts\/108366\/revisions"}],"predecessor-version":[{"id":108370,"href":"https:\/\/nvnoticias.mx\/index.php\/wp-json\/wp\/v2\/posts\/108366\/revisions\/108370"}],"wp:featuredmedia":[{"embeddable":true,"href":"https:\/\/nvnoticias.mx\/index.php\/wp-json\/wp\/v2\/media\/108369"}],"wp:attachment":[{"href":"https:\/\/nvnoticias.mx\/index.php\/wp-json\/wp\/v2\/media?parent=108366"}],"wp:term":[{"taxonomy":"category","embeddable":true,"href":"https:\/\/nvnoticias.mx\/index.php\/wp-json\/wp\/v2\/categories?post=108366"},{"taxonomy":"post_tag","embeddable":true,"href":"https:\/\/nvnoticias.mx\/index.php\/wp-json\/wp\/v2\/tags?post=108366"}],"curies":[{"name":"wp","href":"https:\/\/api.w.org\/{rel}","templated":true}]}}