{"id":108351,"date":"2023-05-29T13:21:35","date_gmt":"2023-05-29T18:21:35","guid":{"rendered":"https:\/\/nvnoticias.mx\/?p=108351"},"modified":"2023-05-29T13:21:36","modified_gmt":"2023-05-29T18:21:36","slug":"lanza-anaya-advertencia-por-ocurrencia-de-amlo-para-elegir-a-ministros-de-la-corte","status":"publish","type":"post","link":"https:\/\/nvnoticias.mx\/index.php\/2023\/05\/29\/lanza-anaya-advertencia-por-ocurrencia-de-amlo-para-elegir-a-ministros-de-la-corte\/","title":{"rendered":"Lanza Anaya advertencia por \u201cocurrencia\u201d de AMLO para elegir a ministros de la Corte"},"content":{"rendered":"\n<p><strong>Ricardo Anaya Cort\u00e9s<\/strong>, excandidato presidencial, advirti\u00f3 que la \u201cocurrencia&#8221; del presidente<strong>&nbsp;Andr\u00e9s Manuel L\u00f3pez Obrador<\/strong>&nbsp;para que los ministros de la Suprema Corte de Justicia de la Naci\u00f3n (<strong>SCJN<\/strong>) sean electos por voto popular, implica politizar al m\u00e1ximo tribunal y abrir la puerta a excesos como lo es la reelecci\u00f3n.<\/p>\n\n\n\n<blockquote class=\"wp-block-quote is-layout-flow wp-block-quote-is-layout-flow\"><p>\u201c\u00bfDe verdad queremos que los partidos pol\u00edticos se repartan a los ministros de la Corte? \u00bfDe verdad queremos politizar al m\u00e1ximo tribunal del pa\u00eds? Eso es lo que implica que sean electos por votaci\u00f3n, como los diputados y los senadores\u201d, dijo Anaya a trav\u00e9s de un video que comparti\u00f3 en redes sociales.<\/p><\/blockquote>\n\n\n\n<blockquote class=\"wp-block-quote is-layout-flow wp-block-quote-is-layout-flow\"><p>\u201c\u00bfEl que sean electos los diputados y los senadores ha sido garant\u00eda de eficacia y honestidad? Claramente no\u201d, expres\u00f3 el excandidato presidencial de Acci\u00f3n Nacional.<\/p><\/blockquote>\n\n\n\n<p>Anaya Cort\u00e9s se\u00f1al\u00f3 que los ministros y los jueces deben juzgar de acuerdo a la Constituci\u00f3n y a las leyes, por lo que deben responder a la carta magna, &#8220;no a los partidos que los postulen o apoyen para ganar una elecci\u00f3n\u201d.<\/p>\n\n\n\n<p>Record\u00f3 que por ese motivo, pr\u00e1cticamente en ninguna parte del mundo se hace eso, excepto&nbsp;<strong>Bolivia<\/strong>.<\/p>\n\n\n\n<blockquote class=\"wp-block-quote is-layout-flow wp-block-quote-is-layout-flow\"><p>&#8220;\u00bfY qu\u00e9 ha pasado en Bolivia con la elecci\u00f3n de los magistrados del Tribunal Supremo? Lo que pas\u00f3 fue que aun cuando estaba claramente prohibido por la Constituci\u00f3n, permitieron que&nbsp;<strong>Evo Morales<\/strong>&nbsp;se reeligiera como presidente\u201d, expuso.<\/p><\/blockquote>\n\n\n\n<p>Dijo que en Bolivia, los ministros del Tribunal Supremo, que se eligen por voto popular desde el 2011, &#8220;pasaron por encima de su propia Constituci\u00f3n para darle la posibilidad de que se presentara a las elecciones cuantas veces quisiera&#8221;.<\/p>\n\n\n\n<blockquote class=\"wp-block-quote is-layout-flow wp-block-quote-is-layout-flow\"><p>\u201c\u00bfHacia all\u00e1 queremos ir? \u00bfEso es lo que queremos para M\u00e9xico? No sabemos qui\u00e9n ser\u00e1 la pr\u00f3xima presidenta o el pr\u00f3ximo presidente, pero est\u00e1 muy claro que eso no le conviene a nadie. Eso no le conviene a M\u00e9xico&#8221;, asever\u00f3.<\/p><\/blockquote>\n\n\n\n<p>Ricardo Anaya consider\u00f3 tambi\u00e9n que la SCJN debe mantenerse independiente y aut\u00f3noma, pues &#8220;es la \u00faltima trinchera de nuestra democracia&#8221;.<\/p>\n\n\n\n<p>Fuente: <a href=\"https:\/\/www.eluniversal.com.mx\/nacion\/ricardo-anaya-lanza-advertencia-por-ocurrencia-de-amlo-para-elegir-a-ministros-de-la-corte-con-voto-popular\/\" data-type=\"URL\" data-id=\"https:\/\/www.eluniversal.com.mx\/nacion\/ricardo-anaya-lanza-advertencia-por-ocurrencia-de-amlo-para-elegir-a-ministros-de-la-corte-con-voto-popular\/\">El Universal<\/a> <\/p>\n","protected":false},"excerpt":{"rendered":"<p>Ricardo Anaya Cort\u00e9s, excandidato presidencial, advirti\u00f3 que la \u201cocurrencia&#8221; del presidente&nbsp;Andr\u00e9s Manuel L\u00f3pez Obrador&nbsp;para que los ministros de la Suprema Corte de Justicia de la Naci\u00f3n (SCJN) sean electos por voto popular, implica politizar al m\u00e1ximo tribunal y abrir la puerta a excesos como lo es la reelecci\u00f3n. \u201c\u00bfDe verdad queremos que los partidos pol\u00edticos [&hellip;]<\/p>\n","protected":false},"author":35,"featured_media":27941,"comment_status":"open","ping_status":"open","sticky":false,"template":"","format":"standard","meta":{"_monsterinsights_skip_tracking":false,"_monsterinsights_sitenote_active":false,"_monsterinsights_sitenote_note":"","_monsterinsights_sitenote_category":0,"footnotes":""},"categories":[158],"tags":[8565,188,7727,9405,25478,509],"class_list":["post-108351","post","type-post","status-publish","format-standard","has-post-thumbnail","hentry","category-politica","tag-advertencia","tag-amlo","tag-corte","tag-lanza","tag-ocurrencia","tag-ricardo-anaya","wp-image-borders"],"amp_enabled":true,"_links":{"self":[{"href":"https:\/\/nvnoticias.mx\/index.php\/wp-json\/wp\/v2\/posts\/108351","targetHints":{"allow":["GET"]}}],"collection":[{"href":"https:\/\/nvnoticias.mx\/index.php\/wp-json\/wp\/v2\/posts"}],"about":[{"href":"https:\/\/nvnoticias.mx\/index.php\/wp-json\/wp\/v2\/types\/post"}],"author":[{"embeddable":true,"href":"https:\/\/nvnoticias.mx\/index.php\/wp-json\/wp\/v2\/users\/35"}],"replies":[{"embeddable":true,"href":"https:\/\/nvnoticias.mx\/index.php\/wp-json\/wp\/v2\/comments?post=108351"}],"version-history":[{"count":3,"href":"https:\/\/nvnoticias.mx\/index.php\/wp-json\/wp\/v2\/posts\/108351\/revisions"}],"predecessor-version":[{"id":108356,"href":"https:\/\/nvnoticias.mx\/index.php\/wp-json\/wp\/v2\/posts\/108351\/revisions\/108356"}],"wp:featuredmedia":[{"embeddable":true,"href":"https:\/\/nvnoticias.mx\/index.php\/wp-json\/wp\/v2\/media\/27941"}],"wp:attachment":[{"href":"https:\/\/nvnoticias.mx\/index.php\/wp-json\/wp\/v2\/media?parent=108351"}],"wp:term":[{"taxonomy":"category","embeddable":true,"href":"https:\/\/nvnoticias.mx\/index.php\/wp-json\/wp\/v2\/categories?post=108351"},{"taxonomy":"post_tag","embeddable":true,"href":"https:\/\/nvnoticias.mx\/index.php\/wp-json\/wp\/v2\/tags?post=108351"}],"curies":[{"name":"wp","href":"https:\/\/api.w.org\/{rel}","templated":true}]}}