{"id":10833,"date":"2021-04-13T12:40:56","date_gmt":"2021-04-13T17:40:56","guid":{"rendered":"https:\/\/nvnoticias.mx\/?p=10833"},"modified":"2021-04-13T12:51:25","modified_gmt":"2021-04-13T17:51:25","slug":"reubican-cuatro-modulos-de-vacunacion-contra-el-coronavirus-en-veracruz","status":"publish","type":"post","link":"https:\/\/nvnoticias.mx\/index.php\/2021\/04\/13\/reubican-cuatro-modulos-de-vacunacion-contra-el-coronavirus-en-veracruz\/","title":{"rendered":"Reubican cuatro m\u00f3dulos de vacunaci\u00f3n contra el coronavirus en Veracruz"},"content":{"rendered":"\n<p><strong>Jes\u00fas Utrilla \/ NV Noticias<\/strong> <\/p>\n\n\n\n<p>Con la finalidad de que las personas de la tercera edad que acudan a aplicarse la segunda inyecci\u00f3n contra el coronavirus y no est\u00e9n bajo el intenso calor, fueron cambiados de sede cuatro m\u00f3dulos.<\/p>\n\n\n\n<p>Se esperan altas temperaturas para los pr\u00f3ximos d\u00edas en los municipios costeros, por ello el Gobierno Federal determin\u00f3 adecuar mejores espacios para las personas mayores que acudan a concluir su ciclo de inmunizaci\u00f3n.<\/p>\n\n\n\n<p>Valeria Arteaga, de la delegaci\u00f3n regional de la Secretar\u00eda del Bienestar, indic\u00f3 que entre ellos est\u00e1n:<\/p>\n\n\n\n<p>El Centro de Salud de las Amapolas, que se cambia a la Escuela Secundaria Profesora Concepci\u00f3n Losada Prieto.<\/p>\n\n\n\n<p>El Centro de Salud Adolfo Ruiz Cortines, pasa a la Escuela Federal Jos\u00e9 Mart\u00ed.<\/p>\n\n\n\n<p>El m\u00f3dulo de vacunaci\u00f3n del Centro de Salud de El Coyol dar\u00e1 servicio en la Escuela Primaria Nicol\u00e1s Bravo (en frente).<\/p>\n\n\n\n<p>Y el que estaba en el Centro de Salud de Los Pinos ahora se instalar\u00e1 en las instalaciones del Conalep 2.<\/p>\n\n\n\n<p>Se inyectar\u00e1 a 72 mil personas de la tercera edad en el municipio de Veracruz y debido a que ya existe un padr\u00f3n aproximado del n\u00famero de personas que asistir\u00e1 a aplicarse la segunda dosis, se espera que la atenci\u00f3n sea m\u00e1s r\u00e1pida.<\/p>\n\n\n\n<p>Cabe recordar que se trata del biol\u00f3gico Pfizer y solo se aplicar\u00e1 a quienes presenten su comprobante de haber recibido la primera vacuna.<\/p>\n","protected":false},"excerpt":{"rendered":"<p>Jes\u00fas Utrilla \/ NV Noticias Con la finalidad de que las personas de la tercera edad que acudan a aplicarse la segunda inyecci\u00f3n contra el coronavirus y no est\u00e9n bajo el intenso calor, fueron cambiados de sede cuatro m\u00f3dulos. Se esperan altas temperaturas para los pr\u00f3ximos d\u00edas en los municipios costeros, por ello el Gobierno [&hellip;]<\/p>\n","protected":false},"author":6,"featured_media":10834,"comment_status":"open","ping_status":"open","sticky":false,"template":"","format":"standard","meta":{"_monsterinsights_skip_tracking":false,"_monsterinsights_sitenote_active":false,"_monsterinsights_sitenote_note":"","_monsterinsights_sitenote_category":0,"footnotes":""},"categories":[154],"tags":[359,2704,162],"class_list":["post-10833","post","type-post","status-publish","format-standard","has-post-thumbnail","hentry","category-veracruz","tag-coronavirus","tag-modulos","tag-portada","wp-image-borders"],"amp_enabled":true,"_links":{"self":[{"href":"https:\/\/nvnoticias.mx\/index.php\/wp-json\/wp\/v2\/posts\/10833","targetHints":{"allow":["GET"]}}],"collection":[{"href":"https:\/\/nvnoticias.mx\/index.php\/wp-json\/wp\/v2\/posts"}],"about":[{"href":"https:\/\/nvnoticias.mx\/index.php\/wp-json\/wp\/v2\/types\/post"}],"author":[{"embeddable":true,"href":"https:\/\/nvnoticias.mx\/index.php\/wp-json\/wp\/v2\/users\/6"}],"replies":[{"embeddable":true,"href":"https:\/\/nvnoticias.mx\/index.php\/wp-json\/wp\/v2\/comments?post=10833"}],"version-history":[{"count":2,"href":"https:\/\/nvnoticias.mx\/index.php\/wp-json\/wp\/v2\/posts\/10833\/revisions"}],"predecessor-version":[{"id":10840,"href":"https:\/\/nvnoticias.mx\/index.php\/wp-json\/wp\/v2\/posts\/10833\/revisions\/10840"}],"wp:featuredmedia":[{"embeddable":true,"href":"https:\/\/nvnoticias.mx\/index.php\/wp-json\/wp\/v2\/media\/10834"}],"wp:attachment":[{"href":"https:\/\/nvnoticias.mx\/index.php\/wp-json\/wp\/v2\/media?parent=10833"}],"wp:term":[{"taxonomy":"category","embeddable":true,"href":"https:\/\/nvnoticias.mx\/index.php\/wp-json\/wp\/v2\/categories?post=10833"},{"taxonomy":"post_tag","embeddable":true,"href":"https:\/\/nvnoticias.mx\/index.php\/wp-json\/wp\/v2\/tags?post=10833"}],"curies":[{"name":"wp","href":"https:\/\/api.w.org\/{rel}","templated":true}]}}