{"id":10827,"date":"2021-04-13T12:36:38","date_gmt":"2021-04-13T17:36:38","guid":{"rendered":"https:\/\/nvnoticias.mx\/?p=10827"},"modified":"2021-04-13T14:07:04","modified_gmt":"2021-04-13T19:07:04","slug":"padron-de-telefonia-movil-vulnera-los-derechos-humanos-y-la-presuncion-de-la-inocencia","status":"publish","type":"post","link":"https:\/\/nvnoticias.mx\/index.php\/2021\/04\/13\/padron-de-telefonia-movil-vulnera-los-derechos-humanos-y-la-presuncion-de-la-inocencia\/","title":{"rendered":"Padr\u00f3n de Telefon\u00eda M\u00f3vil vulnera los derechos humanos y la presunci\u00f3n de la inocencia"},"content":{"rendered":"\n<p><strong>Jes\u00fas Utrilla \/ NV Noticias<\/strong> <\/p>\n\n\n\n<p>La creaci\u00f3n del Padr\u00f3n Nacional de Usuarios de Telefon\u00eda M\u00f3vil vulnera los derechos humanos y la presunci\u00f3n de la inocencia, consider\u00f3 la Senadora Indira Rosales San Rom\u00e1n.<\/p>\n\n\n\n<p>Y es que se busca tener nombre, direcci\u00f3n, CURP y datos biom\u00e9tricos, tales como la huella digital, el iris y el reconocimiento facial.<\/p>\n\n\n\n<p>Adem\u00e1s es insostenible econ\u00f3micamente ya que son m\u00e1s de 80 millones de usuarios de telefon\u00eda m\u00f3vil en el pa\u00eds.<\/p>\n\n\n\n<p>Se trata de la Reforma a la Ley Federal de Comunicaciones para crear un padr\u00f3n.<\/p>\n\n\n\n<p>Record\u00f3 que en 2009, se trat\u00f3 de crear un esquema similar que se llamaba RENAUT y en lugar de generar seguridad y orden, increment\u00f3 hasta en 40 por ciento las llamadas de extorsi\u00f3n.<\/p>\n\n\n\n<p>El padr\u00f3n y la base de datos fue vendida en el mercado negro y tambi\u00e9n aumentaron los<br>secuestros en M\u00e9xico.<\/p>\n\n\n\n<blockquote class=\"wp-block-quote is-layout-flow wp-block-quote-is-layout-flow\"><p><em>&#8220;\u00bfQue es lo que si se podr\u00eda aumentar?, el robo a tel\u00e9fonos celulares, y por supuesto muy peligroso, que si te roban el celular, finalmente t\u00fa ser\u00edas el principal sospechoso de este delito de extorsi\u00f3n y por eso se da\u00f1a tambi\u00e9n el principio de presunci\u00f3n de inocencia, porque b\u00e1sicamente t\u00fa tienes que probar que te robaron tu celular y que t\u00fa no eres el que realiz\u00f3 este tipo de evento. Se presta tambi\u00e9n al delito de lo que es la clonaci\u00f3n del propio chip, incluso hasta robo de identidades, es un tema absolutamente delicado&#8221;.<\/em><\/p><\/blockquote>\n\n\n\n<p>Solo 17 pa\u00edses en el mundo cuentan los datos biom\u00e9tricos de sus ciudadanos, entre los que destacan, China, Venezuela y Afganist\u00e1n y en ninguno de ellos se ha registrado una baja en los delitos de extorsi\u00f3n y secuestro.<\/p>\n\n\n\n<p>Adem\u00e1s ning\u00fan delincuente va a ocupar un chip o n\u00famero que se encuentre registrado a su nombre.<\/p>\n\n\n\n<blockquote class=\"wp-block-quote is-layout-flow wp-block-quote-is-layout-flow\"><p><em>\u201cEst\u00e1 informaci\u00f3n sensible de los mexicanos podr\u00eda estar en riesgo. El argumento que se presenta para elaborar el padr\u00f3n es disminuir la extorsi\u00f3n y el secuestro v\u00eda telef\u00f3nica, sin embargo, son pocos los pa\u00edses que tienen estos registro y en ninguno hay baja de delitos\u201d.<\/em><\/p><\/blockquote>\n\n\n\n<p>El impacto presupuestal para crear este padr\u00f3n ser\u00eda elevado, pues tan solo en el primer a\u00f1o, se podr\u00edan gastar m\u00e1s de 100 millones de pesos, adem\u00e1s del costo que pagar\u00eda cada compa\u00f1\u00eda para realizar dicha base de datos, que podr\u00eda generar un aumento en los costos de servicio que pagan los ciudadanos.<\/p>\n\n\n\n<blockquote class=\"wp-block-quote is-layout-flow wp-block-quote-is-layout-flow\"><p><em>\u201cOtro riesgo es que la informaci\u00f3n ya la tiene el INE entonces pareciera que se busca utilizar los datos para otros fines\u201d.<\/em><\/p><\/blockquote>\n\n\n\n<p><br><\/p>\n","protected":false},"excerpt":{"rendered":"<p>Jes\u00fas Utrilla \/ NV Noticias La creaci\u00f3n del Padr\u00f3n Nacional de Usuarios de Telefon\u00eda M\u00f3vil vulnera los derechos humanos y la presunci\u00f3n de la inocencia, consider\u00f3 la Senadora Indira Rosales San Rom\u00e1n. Y es que se busca tener nombre, direcci\u00f3n, CURP y datos biom\u00e9tricos, tales como la huella digital, el iris y el reconocimiento facial. [&hellip;]<\/p>\n","protected":false},"author":6,"featured_media":10831,"comment_status":"open","ping_status":"open","sticky":false,"template":"","format":"standard","meta":{"_monsterinsights_skip_tracking":false,"_monsterinsights_sitenote_active":false,"_monsterinsights_sitenote_note":"","_monsterinsights_sitenote_category":0,"footnotes":""},"categories":[154],"tags":[1122,442],"class_list":["post-10827","post","type-post","status-publish","format-standard","has-post-thumbnail","hentry","category-veracruz","tag-derechos-humanos","tag-telefonia","wp-image-borders"],"amp_enabled":true,"_links":{"self":[{"href":"https:\/\/nvnoticias.mx\/index.php\/wp-json\/wp\/v2\/posts\/10827","targetHints":{"allow":["GET"]}}],"collection":[{"href":"https:\/\/nvnoticias.mx\/index.php\/wp-json\/wp\/v2\/posts"}],"about":[{"href":"https:\/\/nvnoticias.mx\/index.php\/wp-json\/wp\/v2\/types\/post"}],"author":[{"embeddable":true,"href":"https:\/\/nvnoticias.mx\/index.php\/wp-json\/wp\/v2\/users\/6"}],"replies":[{"embeddable":true,"href":"https:\/\/nvnoticias.mx\/index.php\/wp-json\/wp\/v2\/comments?post=10827"}],"version-history":[{"count":2,"href":"https:\/\/nvnoticias.mx\/index.php\/wp-json\/wp\/v2\/posts\/10827\/revisions"}],"predecessor-version":[{"id":10858,"href":"https:\/\/nvnoticias.mx\/index.php\/wp-json\/wp\/v2\/posts\/10827\/revisions\/10858"}],"wp:featuredmedia":[{"embeddable":true,"href":"https:\/\/nvnoticias.mx\/index.php\/wp-json\/wp\/v2\/media\/10831"}],"wp:attachment":[{"href":"https:\/\/nvnoticias.mx\/index.php\/wp-json\/wp\/v2\/media?parent=10827"}],"wp:term":[{"taxonomy":"category","embeddable":true,"href":"https:\/\/nvnoticias.mx\/index.php\/wp-json\/wp\/v2\/categories?post=10827"},{"taxonomy":"post_tag","embeddable":true,"href":"https:\/\/nvnoticias.mx\/index.php\/wp-json\/wp\/v2\/tags?post=10827"}],"curies":[{"name":"wp","href":"https:\/\/api.w.org\/{rel}","templated":true}]}}