{"id":108224,"date":"2023-05-28T16:14:27","date_gmt":"2023-05-28T21:14:27","guid":{"rendered":"https:\/\/nvnoticias.mx\/?p=108224"},"modified":"2023-05-28T16:14:27","modified_gmt":"2023-05-28T21:14:27","slug":"se-requiere-mayor-inclusion-para-las-personas-con-sindrome-de-down","status":"publish","type":"post","link":"https:\/\/nvnoticias.mx\/index.php\/2023\/05\/28\/se-requiere-mayor-inclusion-para-las-personas-con-sindrome-de-down\/","title":{"rendered":"Se requiere mayor inclusi\u00f3n para las personas con s\u00edndrome de down"},"content":{"rendered":"\n<p><strong>Jes\u00fas Utrilla | NV Noticias<\/strong><\/p>\n\n\n\n<p>Falta mayor inclusi\u00f3n para las personas con s\u00edndrome de down, por ello Carolina Perdomo Escobar, presidenta de la Fundaci\u00f3n S\u00edndrome de Down Veracruz, llam\u00f3 a empresarios a brindarles oportunidades laborales.<\/p>\n\n\n\n<p>Se\u00f1al\u00f3 que hace 2 a\u00f1os una joven ingres\u00f3 a trabajar al Grupo Metropolitano de Agua y Saneamiento, pero sobre todo, que las personas con s\u00edndrome de down tienen caracter\u00edsticas propias que les permite ser productivos y dar buenos resultados.<\/p>\n\n\n\n<blockquote class=\"wp-block-quote is-layout-flow wp-block-quote-is-layout-flow\"><p>\u201cEllos son capaces de desarrollar muchas habilidades. Tenemos 50 afiliados que estamos apoyando en diferentes aspectos\u201d.<\/p><\/blockquote>\n\n\n\n<p>Una cadena comercial ya se encuentra incluyendo a j\u00f3venes con diferentes discapacidades y confi\u00f3 que poco a poco m\u00e1s empresarios se sumen al esfuerzo para que el sector sea incluido en distintos \u00e1mbitos de la sociedad.<\/p>\n\n\n\n<blockquote class=\"wp-block-quote is-layout-flow wp-block-quote-is-layout-flow\"><p>\u201cEstamos trabajando mucho a nivel familiar porque la inclusi\u00f3n empieza en el coraz\u00f3n, vale la pena llevarlos a terapia, al deporte y que ellos pueden elegir y desarrollar habilidades. Falta informaci\u00f3n\u201d.<\/p><\/blockquote>\n\n\n\n<p>Admiti\u00f3 que los padres de familia a veces incurren en la sobreprotecci\u00f3n de sus hijos, sin embargo, cada vez hay m\u00e1s informaci\u00f3n sobre el s\u00edndrome para que las personas tengan una buena calidad de vida, sean incluidos y sus padres les den m\u00e1s oportunidades.<\/p>\n","protected":false},"excerpt":{"rendered":"<p>Jes\u00fas Utrilla | NV Noticias Falta mayor inclusi\u00f3n para las personas con s\u00edndrome de down, por ello Carolina Perdomo Escobar, presidenta de la Fundaci\u00f3n S\u00edndrome de Down Veracruz, llam\u00f3 a empresarios a brindarles oportunidades laborales. Se\u00f1al\u00f3 que hace 2 a\u00f1os una joven ingres\u00f3 a trabajar al Grupo Metropolitano de Agua y Saneamiento, pero sobre todo, [&hellip;]<\/p>\n","protected":false},"author":7,"featured_media":108225,"comment_status":"open","ping_status":"open","sticky":false,"template":"","format":"standard","meta":{"_monsterinsights_skip_tracking":false,"_monsterinsights_sitenote_active":false,"_monsterinsights_sitenote_note":"","_monsterinsights_sitenote_category":0,"footnotes":""},"categories":[154],"tags":[25460,3503,10556],"class_list":["post-108224","post","type-post","status-publish","format-standard","has-post-thumbnail","hentry","category-veracruz","tag-carolina-perdomo","tag-inclusion","tag-sindrome-de-down","wp-image-borders"],"amp_enabled":true,"_links":{"self":[{"href":"https:\/\/nvnoticias.mx\/index.php\/wp-json\/wp\/v2\/posts\/108224","targetHints":{"allow":["GET"]}}],"collection":[{"href":"https:\/\/nvnoticias.mx\/index.php\/wp-json\/wp\/v2\/posts"}],"about":[{"href":"https:\/\/nvnoticias.mx\/index.php\/wp-json\/wp\/v2\/types\/post"}],"author":[{"embeddable":true,"href":"https:\/\/nvnoticias.mx\/index.php\/wp-json\/wp\/v2\/users\/7"}],"replies":[{"embeddable":true,"href":"https:\/\/nvnoticias.mx\/index.php\/wp-json\/wp\/v2\/comments?post=108224"}],"version-history":[{"count":1,"href":"https:\/\/nvnoticias.mx\/index.php\/wp-json\/wp\/v2\/posts\/108224\/revisions"}],"predecessor-version":[{"id":108226,"href":"https:\/\/nvnoticias.mx\/index.php\/wp-json\/wp\/v2\/posts\/108224\/revisions\/108226"}],"wp:featuredmedia":[{"embeddable":true,"href":"https:\/\/nvnoticias.mx\/index.php\/wp-json\/wp\/v2\/media\/108225"}],"wp:attachment":[{"href":"https:\/\/nvnoticias.mx\/index.php\/wp-json\/wp\/v2\/media?parent=108224"}],"wp:term":[{"taxonomy":"category","embeddable":true,"href":"https:\/\/nvnoticias.mx\/index.php\/wp-json\/wp\/v2\/categories?post=108224"},{"taxonomy":"post_tag","embeddable":true,"href":"https:\/\/nvnoticias.mx\/index.php\/wp-json\/wp\/v2\/tags?post=108224"}],"curies":[{"name":"wp","href":"https:\/\/api.w.org\/{rel}","templated":true}]}}