{"id":108220,"date":"2023-05-28T16:00:27","date_gmt":"2023-05-28T21:00:27","guid":{"rendered":"https:\/\/nvnoticias.mx\/?p=108220"},"modified":"2023-05-28T16:00:28","modified_gmt":"2023-05-28T21:00:28","slug":"realizan-manifestacion-a-favor-de-la-suprema-corte-de-justicia-de-la-nacion","status":"publish","type":"post","link":"https:\/\/nvnoticias.mx\/index.php\/2023\/05\/28\/realizan-manifestacion-a-favor-de-la-suprema-corte-de-justicia-de-la-nacion\/","title":{"rendered":"Realizan manifestaci\u00f3n a favor de la Suprema Corte de Justicia de la Naci\u00f3n"},"content":{"rendered":"\n<p><strong>Jes\u00fas Utrilla | NV Noticias<\/strong><\/p>\n\n\n\n<p>En el bulevar Manuel \u00c1vila Camacho de Veracruz tuvo lugar una manifestaci\u00f3n en defensa de la Suprema Corte de Justicia de la Naci\u00f3n (SCJN). Esta marcha simult\u00e1nea se llev\u00f3 a cabo en diferentes ciudades del pa\u00eds.<\/p>\n\n\n\n<p>En Veracruz-Boca del R\u00edo, los participantes convocados por el grupo Chalecos MX acudieron vestidos con camisas blancas y ondeando banderas de M\u00e9xico.<\/p>\n\n\n\n<p>Algunos llevaban carteles en apoyo a la SCJN, instituci\u00f3n que ha estado bajo escrutinio tanto del presidente Andr\u00e9s Manuel L\u00f3pez Obrador como del gobernador Cuitl\u00e1huac Garc\u00eda Jim\u00e9nez en Veracruz.<\/p>\n\n\n\n<p>Cabe destacar que el gobernador organiz\u00f3 una marcha la semana pasada en la Ciudad de M\u00e9xico, frente a la sede del Poder Judicial de la Federaci\u00f3n, donde se exhibieron ata\u00fades con los nombres de los magistrados y el rostro de la ministra presidenta, Norma Pi\u00f1a.<\/p>\n\n\n\n<p>Durante la concentraci\u00f3n, a trav\u00e9s de un altavoz, se expres\u00f3 la preocupaci\u00f3n de que el actual gobierno encabezado por L\u00f3pez Obrador est\u00e9 tratando de debilitar las instituciones aut\u00f3nomas. <\/p>\n\n\n\n<p>Previamente, se hab\u00edan realizado ataques similares contra el INE y el INAI, cuyos puestos ahora permanecen vacantes debido a la negativa de Morena de renovarlos.<\/p>\n","protected":false},"excerpt":{"rendered":"<p>Jes\u00fas Utrilla | NV Noticias En el bulevar Manuel \u00c1vila Camacho de Veracruz tuvo lugar una manifestaci\u00f3n en defensa de la Suprema Corte de Justicia de la Naci\u00f3n (SCJN). Esta marcha simult\u00e1nea se llev\u00f3 a cabo en diferentes ciudades del pa\u00eds. En Veracruz-Boca del R\u00edo, los participantes convocados por el grupo Chalecos MX acudieron vestidos [&hellip;]<\/p>\n","protected":false},"author":7,"featured_media":97226,"comment_status":"open","ping_status":"open","sticky":false,"template":"","format":"standard","meta":{"_monsterinsights_skip_tracking":false,"_monsterinsights_sitenote_active":false,"_monsterinsights_sitenote_note":"","_monsterinsights_sitenote_category":0,"footnotes":""},"categories":[154],"tags":[1507,3194,748],"class_list":["post-108220","post","type-post","status-publish","format-standard","has-post-thumbnail","hentry","category-veracruz","tag-marcha","tag-scjn","tag-suprema-corte-de-justicia-de-la-nacion","wp-image-borders"],"amp_enabled":true,"_links":{"self":[{"href":"https:\/\/nvnoticias.mx\/index.php\/wp-json\/wp\/v2\/posts\/108220","targetHints":{"allow":["GET"]}}],"collection":[{"href":"https:\/\/nvnoticias.mx\/index.php\/wp-json\/wp\/v2\/posts"}],"about":[{"href":"https:\/\/nvnoticias.mx\/index.php\/wp-json\/wp\/v2\/types\/post"}],"author":[{"embeddable":true,"href":"https:\/\/nvnoticias.mx\/index.php\/wp-json\/wp\/v2\/users\/7"}],"replies":[{"embeddable":true,"href":"https:\/\/nvnoticias.mx\/index.php\/wp-json\/wp\/v2\/comments?post=108220"}],"version-history":[{"count":1,"href":"https:\/\/nvnoticias.mx\/index.php\/wp-json\/wp\/v2\/posts\/108220\/revisions"}],"predecessor-version":[{"id":108221,"href":"https:\/\/nvnoticias.mx\/index.php\/wp-json\/wp\/v2\/posts\/108220\/revisions\/108221"}],"wp:featuredmedia":[{"embeddable":true,"href":"https:\/\/nvnoticias.mx\/index.php\/wp-json\/wp\/v2\/media\/97226"}],"wp:attachment":[{"href":"https:\/\/nvnoticias.mx\/index.php\/wp-json\/wp\/v2\/media?parent=108220"}],"wp:term":[{"taxonomy":"category","embeddable":true,"href":"https:\/\/nvnoticias.mx\/index.php\/wp-json\/wp\/v2\/categories?post=108220"},{"taxonomy":"post_tag","embeddable":true,"href":"https:\/\/nvnoticias.mx\/index.php\/wp-json\/wp\/v2\/tags?post=108220"}],"curies":[{"name":"wp","href":"https:\/\/api.w.org\/{rel}","templated":true}]}}