{"id":108202,"date":"2023-05-27T17:21:39","date_gmt":"2023-05-27T22:21:39","guid":{"rendered":"https:\/\/nvnoticias.mx\/?p=108202"},"modified":"2023-05-27T17:21:41","modified_gmt":"2023-05-27T22:21:41","slug":"supervisa-amlo-obra-de-construccion-del-tren-interoceanico-en-el-istmo","status":"publish","type":"post","link":"https:\/\/nvnoticias.mx\/index.php\/2023\/05\/27\/supervisa-amlo-obra-de-construccion-del-tren-interoceanico-en-el-istmo\/","title":{"rendered":"Supervisa AMLO obra de construcci\u00f3n del Tren Interoce\u00e1nico en el Istmo"},"content":{"rendered":"\n<p>El presidente <strong>Andr\u00e9s Manuel L\u00f3pez Obrador<\/strong> encabeza la supervisi\u00f3n de las obras de constucci\u00f3n del <strong>Tren Interoce\u00e1nico <\/strong>del Istmo de Tehuantepec.<\/p>\n\n\n\n<p>Se conoci\u00f3 que el Mandatario supervisar\u00e1 el tramo Salina Cruz-Coatzacoalcos, en Oaxaca, y el tramo Ixtepec a Ciudad Hidalgo, Chiapas.<\/p>\n\n\n\n<p>L\u00f3pez Obrador est\u00e1 acompa\u00f1ado por los gobernadores de Oaxaca, <a rel=\"noreferrer noopener\" href=\"https:\/\/www.eluniversal.com.mx\/tag\/salomon-jara-cruz\/\" target=\"_blank\"><strong>Salom\u00f3n Jara Cruz<\/strong><\/a> y el gobernador de Chiapas, <strong>Rutilio Escand\u00f3n Cadenas<\/strong>, ambos emanados de Morena.<\/p>\n\n\n\n<p>Ayer el presidente L\u00f3pez Obrador supervis\u00f3 junto con directivos de la Secretar\u00eda de Marina (Semar) la operaci\u00f3n de las v\u00edas de Ferrosur, propiedad de <strong>Grupo M\u00e9xico<\/strong>, de Germ\u00e1n Larrea, una semana despu\u00e9s de que fue \u201crecuperada\u201d la concesi\u00f3n.<\/p>\n\n\n\n<p>El Presidente asegur\u00f3 que ante esta \u201cocupaci\u00f3n\u201d los trabajadores de <strong>Ferrosur<\/strong> no se deben de preocupar por sus puestos de trabajo, pues ser\u00e1n respetados por su gobierno.<\/p>\n\n\n\n<p>Fuente: <a href=\"https:\/\/www.eluniversal.com.mx\/nacion\/amlo-supervisa-obra-de-construccion-del-tren-interoceanico-en-el-istmo\/\" data-type=\"URL\" data-id=\"https:\/\/www.eluniversal.com.mx\/nacion\/amlo-supervisa-obra-de-construccion-del-tren-interoceanico-en-el-istmo\/\">El Universal<\/a><\/p>\n","protected":false},"excerpt":{"rendered":"<p>El presidente Andr\u00e9s Manuel L\u00f3pez Obrador encabeza la supervisi\u00f3n de las obras de constucci\u00f3n del Tren Interoce\u00e1nico del Istmo de Tehuantepec. Se conoci\u00f3 que el Mandatario supervisar\u00e1 el tramo Salina Cruz-Coatzacoalcos, en Oaxaca, y el tramo Ixtepec a Ciudad Hidalgo, Chiapas. L\u00f3pez Obrador est\u00e1 acompa\u00f1ado por los gobernadores de Oaxaca, Salom\u00f3n Jara Cruz y el [&hellip;]<\/p>\n","protected":false},"author":35,"featured_media":101430,"comment_status":"open","ping_status":"open","sticky":false,"template":"","format":"standard","meta":{"_monsterinsights_skip_tracking":false,"_monsterinsights_sitenote_active":false,"_monsterinsights_sitenote_note":"","_monsterinsights_sitenote_category":0,"footnotes":""},"categories":[157],"tags":[188,2676,3007,11906,25453],"class_list":["post-108202","post","type-post","status-publish","format-standard","has-post-thumbnail","hentry","category-nacional","tag-amlo","tag-construccion","tag-istmo","tag-supervisa","tag-tren-interoceanica","wp-image-borders"],"amp_enabled":true,"_links":{"self":[{"href":"https:\/\/nvnoticias.mx\/index.php\/wp-json\/wp\/v2\/posts\/108202","targetHints":{"allow":["GET"]}}],"collection":[{"href":"https:\/\/nvnoticias.mx\/index.php\/wp-json\/wp\/v2\/posts"}],"about":[{"href":"https:\/\/nvnoticias.mx\/index.php\/wp-json\/wp\/v2\/types\/post"}],"author":[{"embeddable":true,"href":"https:\/\/nvnoticias.mx\/index.php\/wp-json\/wp\/v2\/users\/35"}],"replies":[{"embeddable":true,"href":"https:\/\/nvnoticias.mx\/index.php\/wp-json\/wp\/v2\/comments?post=108202"}],"version-history":[{"count":1,"href":"https:\/\/nvnoticias.mx\/index.php\/wp-json\/wp\/v2\/posts\/108202\/revisions"}],"predecessor-version":[{"id":108203,"href":"https:\/\/nvnoticias.mx\/index.php\/wp-json\/wp\/v2\/posts\/108202\/revisions\/108203"}],"wp:featuredmedia":[{"embeddable":true,"href":"https:\/\/nvnoticias.mx\/index.php\/wp-json\/wp\/v2\/media\/101430"}],"wp:attachment":[{"href":"https:\/\/nvnoticias.mx\/index.php\/wp-json\/wp\/v2\/media?parent=108202"}],"wp:term":[{"taxonomy":"category","embeddable":true,"href":"https:\/\/nvnoticias.mx\/index.php\/wp-json\/wp\/v2\/categories?post=108202"},{"taxonomy":"post_tag","embeddable":true,"href":"https:\/\/nvnoticias.mx\/index.php\/wp-json\/wp\/v2\/tags?post=108202"}],"curies":[{"name":"wp","href":"https:\/\/api.w.org\/{rel}","templated":true}]}}