{"id":108166,"date":"2023-05-27T14:21:21","date_gmt":"2023-05-27T19:21:21","guid":{"rendered":"https:\/\/nvnoticias.mx\/?p=108166"},"modified":"2023-05-27T14:21:23","modified_gmt":"2023-05-27T19:21:23","slug":"alarga-gobierno-de-eu-al-5-de-junio-la-fecha-limite-antes-de-la-suspension-de-pagos","status":"publish","type":"post","link":"https:\/\/nvnoticias.mx\/index.php\/2023\/05\/27\/alarga-gobierno-de-eu-al-5-de-junio-la-fecha-limite-antes-de-la-suspension-de-pagos\/","title":{"rendered":"Alarga Gobierno de EU al 5 de junio la fecha l\u00edmite antes de la suspensi\u00f3n de pagos"},"content":{"rendered":"\n<p>La Secretaria de Tesoro de Estados Unidos,<strong> Janet Yellen<\/strong>, inform\u00f3 este viernes al <strong>Congreso <\/strong>de que si no se alcanza un acuerdo que eleve o suspenda el <strong>techo de deuda<\/strong>, el Gobierno puede alcanzar la<strong> suspensi\u00f3n de pagos <\/strong>el pr\u00f3ximo 5 de junio.<\/p>\n\n\n\n<p>En una carta dirigida al l\u00edder de la mayor\u00eda republicana de la C\u00e1mara de Representantes, <strong>Kevin McCarthy<\/strong>, Yellen elev\u00f3 as\u00ed en<strong> cuatro d\u00edas<\/strong> la fecha que su departamento calculaba para el fin de las <strong>reservas<\/strong> con las que cumplir con sus obligaciones de pago, e insisti\u00f3 en reclamar a los legisladores actuar &#8220;lo m\u00e1s pronto posible&#8221; para evitarlo.<\/p>\n\n\n\n<blockquote class=\"wp-block-quote is-layout-flow wp-block-quote-is-layout-flow\"><p>&#8220;Esperar hasta el \u00faltimo minuto para elevar el techo de deuda puede causar graves da\u00f1os a los <strong>negocios<\/strong> y a la confianza de los consumidores&#8221;, agreg\u00f3 la economista.<\/p><\/blockquote>\n\n\n\n<p>Fuente: <a href=\"https:\/\/www.eluniversal.com.mx\/mundo\/el-gobierno-de-eu-alarga-al-5-de-junio-la-fecha-limite-antes-de-la-suspension-de-pagos\/\" data-type=\"URL\" data-id=\"https:\/\/www.eluniversal.com.mx\/mundo\/el-gobierno-de-eu-alarga-al-5-de-junio-la-fecha-limite-antes-de-la-suspension-de-pagos\/\">El Universal<\/a><\/p>\n","protected":false},"excerpt":{"rendered":"<p>La Secretaria de Tesoro de Estados Unidos, Janet Yellen, inform\u00f3 este viernes al Congreso de que si no se alcanza un acuerdo que eleve o suspenda el techo de deuda, el Gobierno puede alcanzar la suspensi\u00f3n de pagos el pr\u00f3ximo 5 de junio. En una carta dirigida al l\u00edder de la mayor\u00eda republicana de la [&hellip;]<\/p>\n","protected":false},"author":35,"featured_media":31246,"comment_status":"open","ping_status":"open","sticky":false,"template":"","format":"standard","meta":{"_monsterinsights_skip_tracking":false,"_monsterinsights_sitenote_active":false,"_monsterinsights_sitenote_note":"","_monsterinsights_sitenote_category":0,"footnotes":""},"categories":[181],"tags":[9377,183,4020,299,25440,25441],"class_list":["post-108166","post","type-post","status-publish","format-standard","has-post-thumbnail","hentry","category-internacional","tag-alarga","tag-estados-unidos","tag-fecha","tag-gobierno","tag-limite","tag-suspension-de-pagos","wp-image-borders"],"amp_enabled":true,"_links":{"self":[{"href":"https:\/\/nvnoticias.mx\/index.php\/wp-json\/wp\/v2\/posts\/108166","targetHints":{"allow":["GET"]}}],"collection":[{"href":"https:\/\/nvnoticias.mx\/index.php\/wp-json\/wp\/v2\/posts"}],"about":[{"href":"https:\/\/nvnoticias.mx\/index.php\/wp-json\/wp\/v2\/types\/post"}],"author":[{"embeddable":true,"href":"https:\/\/nvnoticias.mx\/index.php\/wp-json\/wp\/v2\/users\/35"}],"replies":[{"embeddable":true,"href":"https:\/\/nvnoticias.mx\/index.php\/wp-json\/wp\/v2\/comments?post=108166"}],"version-history":[{"count":1,"href":"https:\/\/nvnoticias.mx\/index.php\/wp-json\/wp\/v2\/posts\/108166\/revisions"}],"predecessor-version":[{"id":108167,"href":"https:\/\/nvnoticias.mx\/index.php\/wp-json\/wp\/v2\/posts\/108166\/revisions\/108167"}],"wp:featuredmedia":[{"embeddable":true,"href":"https:\/\/nvnoticias.mx\/index.php\/wp-json\/wp\/v2\/media\/31246"}],"wp:attachment":[{"href":"https:\/\/nvnoticias.mx\/index.php\/wp-json\/wp\/v2\/media?parent=108166"}],"wp:term":[{"taxonomy":"category","embeddable":true,"href":"https:\/\/nvnoticias.mx\/index.php\/wp-json\/wp\/v2\/categories?post=108166"},{"taxonomy":"post_tag","embeddable":true,"href":"https:\/\/nvnoticias.mx\/index.php\/wp-json\/wp\/v2\/tags?post=108166"}],"curies":[{"name":"wp","href":"https:\/\/api.w.org\/{rel}","templated":true}]}}