{"id":107949,"date":"2023-05-25T16:07:49","date_gmt":"2023-05-25T21:07:49","guid":{"rendered":"https:\/\/nvnoticias.mx\/?p=107949"},"modified":"2023-05-25T16:07:50","modified_gmt":"2023-05-25T21:07:50","slug":"mexico-busca-impugnar-ley-racista-de-florida-ebrard","status":"publish","type":"post","link":"https:\/\/nvnoticias.mx\/index.php\/2023\/05\/25\/mexico-busca-impugnar-ley-racista-de-florida-ebrard\/","title":{"rendered":"M\u00e9xico busca impugnar ley \u2018racista\u2019 de Florida: Ebrard"},"content":{"rendered":"\n<p>El canciller Marcelo Ebrard inform\u00f3 que M\u00e9xico, a trav\u00e9s de la figura <em>amicus curiae<\/em>, impugnar\u00e1 la ley antiinmigrante promovida por el gobernador republicano, Ron DeSantis, y al mismo tiempo preparar\u00e1 la defensa jur\u00eddica de quien lo necesite, caso por caso.<\/p>\n\n\n\n<p>En entrevista al salir de Palacio Nacional, explic\u00f3 que el pa\u00eds se sumar\u00eda a la denuncia de<strong> alguno de los 38 millones de mexicanos que hay<\/strong> en ese pa\u00eds para combatir esta ley que es \u201cclaramente racista\u201d.<\/p>\n\n\n\n<blockquote class=\"wp-block-quote is-layout-flow wp-block-quote-is-layout-flow\"><p>\u201cLa instrucci\u00f3n que yo tengo es que el gobierno de M\u00e9xico prepare la defensa jur\u00eddica caso por caso y tambi\u00e9n la impugnaci\u00f3n al aspecto racista de la ley\u201d, dijo.<\/p><\/blockquote>\n\n\n\n<p>\u2014\u00bfPuede hacerlo el gobierno?<\/p>\n\n\n\n<blockquote class=\"wp-block-quote is-layout-flow wp-block-quote-is-layout-flow\"><p>\u201cEl gobierno de M\u00e9xico no podr\u00eda, dentro de la esfera de Estados Unidos, pero s\u00ed ciudadanos americanos. Tenemos 38 millones de ciudadanos que son de origen mexicano, no va a faltar quien de los 38 millones presente esa, digamos, denuncia esa demanda y en su momento M\u00e9xico puede concurrir como Amicus Curiae.<\/p><\/blockquote>\n\n\n\n<blockquote class=\"wp-block-quote is-layout-flow wp-block-quote-is-layout-flow\"><p><strong>\u201cQuiere decir, cuando t\u00fa presentas amistosamente un argumento, pero no ser\u00eda indispensable, <\/strong>pero s\u00ed, la comunidad mexicana en Estados Unidos lo va a hacer\u201d, expres\u00f3.<\/p><\/blockquote>\n\n\n\n<p>Ebrard Casaub\u00f3n consider\u00f3 que las declaraciones del presidente Andr\u00e9s Manuel L\u00f3pez Obrador no van a causar un conflicto, porque se est\u00e1n defendiendo los derechos fundamentales de los migrantes.<\/p>\n\n\n\n<blockquote class=\"wp-block-quote is-layout-flow wp-block-quote-is-layout-flow\"><p>\u201cNo pretendemos ir m\u00e1s all\u00e1 de eso, el sentido com\u00fan es tomar en cuenta cu\u00e1l es la posici\u00f3n de cada uno de los que se van presentando all\u00e1 respecto a nuestro pa\u00eds y nuestra comunidad mexicana en Estados Unidos\u201d, apunt\u00f3.<\/p><\/blockquote>\n\n\n\n<p>A principios de mes, el Congreso de Florida aprob\u00f3 un proyecto de ley sobre inmigraci\u00f3n catalogado por dem\u00f3cratas como \u201cantimigrantes\u201d, que consolida el programa de reubicaci\u00f3n de estos, ampl\u00eda los requisitos para que los negocios que cuenten con m\u00e1s de 25 empleados verifiquen a trav\u00e9s de un sistema si pueden trabajar de manera legal en ese pa\u00eds.<\/p>\n\n\n\n<p>Asimismo, <strong>proh\u00edbe a los gobiernos locales dar dinero a las organizaciones que emiten documentos de identidad <\/strong>y pide a los hospitales que aceptan pacientes inscritos en el programa Medicaid que incluyan una pregunta de ciudadan\u00eda en los formularios de ingreso.<\/p>\n\n\n\n<p>Fuente: <a href=\"https:\/\/www.milenio.com\/politica\/mexico-busca-impugnar-ley-antimigrantes-florida-ebrard\" data-type=\"URL\" data-id=\"https:\/\/www.milenio.com\/politica\/mexico-busca-impugnar-ley-antimigrantes-florida-ebrard\">Milenio<\/a><\/p>\n","protected":false},"excerpt":{"rendered":"<p>El canciller Marcelo Ebrard inform\u00f3 que M\u00e9xico, a trav\u00e9s de la figura amicus curiae, impugnar\u00e1 la ley antiinmigrante promovida por el gobernador republicano, Ron DeSantis, y al mismo tiempo preparar\u00e1 la defensa jur\u00eddica de quien lo necesite, caso por caso. En entrevista al salir de Palacio Nacional, explic\u00f3 que el pa\u00eds se sumar\u00eda a la [&hellip;]<\/p>\n","protected":false},"author":35,"featured_media":86520,"comment_status":"open","ping_status":"open","sticky":false,"template":"","format":"standard","meta":{"_monsterinsights_skip_tracking":false,"_monsterinsights_sitenote_active":false,"_monsterinsights_sitenote_note":"","_monsterinsights_sitenote_category":0,"footnotes":""},"categories":[158],"tags":[9048,4662,19290,25384,391,292],"class_list":["post-107949","post","type-post","status-publish","format-standard","has-post-thumbnail","hentry","category-politica","tag-busca","tag-florida","tag-impugnar","tag-ley-racista","tag-marcelo-ebrard","tag-mexico","wp-image-borders"],"amp_enabled":true,"_links":{"self":[{"href":"https:\/\/nvnoticias.mx\/index.php\/wp-json\/wp\/v2\/posts\/107949","targetHints":{"allow":["GET"]}}],"collection":[{"href":"https:\/\/nvnoticias.mx\/index.php\/wp-json\/wp\/v2\/posts"}],"about":[{"href":"https:\/\/nvnoticias.mx\/index.php\/wp-json\/wp\/v2\/types\/post"}],"author":[{"embeddable":true,"href":"https:\/\/nvnoticias.mx\/index.php\/wp-json\/wp\/v2\/users\/35"}],"replies":[{"embeddable":true,"href":"https:\/\/nvnoticias.mx\/index.php\/wp-json\/wp\/v2\/comments?post=107949"}],"version-history":[{"count":1,"href":"https:\/\/nvnoticias.mx\/index.php\/wp-json\/wp\/v2\/posts\/107949\/revisions"}],"predecessor-version":[{"id":107951,"href":"https:\/\/nvnoticias.mx\/index.php\/wp-json\/wp\/v2\/posts\/107949\/revisions\/107951"}],"wp:featuredmedia":[{"embeddable":true,"href":"https:\/\/nvnoticias.mx\/index.php\/wp-json\/wp\/v2\/media\/86520"}],"wp:attachment":[{"href":"https:\/\/nvnoticias.mx\/index.php\/wp-json\/wp\/v2\/media?parent=107949"}],"wp:term":[{"taxonomy":"category","embeddable":true,"href":"https:\/\/nvnoticias.mx\/index.php\/wp-json\/wp\/v2\/categories?post=107949"},{"taxonomy":"post_tag","embeddable":true,"href":"https:\/\/nvnoticias.mx\/index.php\/wp-json\/wp\/v2\/tags?post=107949"}],"curies":[{"name":"wp","href":"https:\/\/api.w.org\/{rel}","templated":true}]}}