{"id":107939,"date":"2023-05-25T12:10:00","date_gmt":"2023-05-25T17:10:00","guid":{"rendered":"https:\/\/nvnoticias.mx\/?p=107939"},"modified":"2023-05-25T15:46:45","modified_gmt":"2023-05-25T20:46:45","slug":"edgar-orozco-es-el-nuevo-director-de-obras-en-boca-del-rio","status":"publish","type":"post","link":"https:\/\/nvnoticias.mx\/index.php\/2023\/05\/25\/edgar-orozco-es-el-nuevo-director-de-obras-en-boca-del-rio\/","title":{"rendered":"Edgar Orozco es el nuevo director de Obras en Boca del R\u00edo"},"content":{"rendered":"\n<p><strong>Jes\u00fas Utrilla \/ NV Noticias <\/strong><\/p>\n\n\n\n<p>El alcalde de Boca del R\u00edo, Juan Manuel De Unanue Abascal, confirm\u00f3 que nombr\u00f3 como director de obras p\u00fablicas a Edgar Orozco en sustituci\u00f3n de Jos\u00e9 Humberto D\u00edaz Ortiz.<\/p>\n\n\n\n<p>Inform\u00f3 que no habr\u00e1 cambios en cuanto a las obras p\u00fablicas que se  tienen planeas para realizarse en los pr\u00f3ximos en el municipio de Boca del R\u00edo. <\/p>\n\n\n\n<blockquote class=\"wp-block-quote is-layout-flow wp-block-quote-is-layout-flow\"><p>\u201cVamos a llevar a cabo los mismos proyectos, ya est\u00e1 aprobado el plan general de inversi\u00f3n para este a\u00f1o, hay obras muy buenas para todas las zonas, el programa general de bacheo ya se inici\u00f3 hace mes y medio y no se va a parar\u201d.<\/p><\/blockquote>\n\n\n\n<p>El exdirector de obras p\u00fablicas Jos\u00e9 Humberto D\u00edaz Ortiz decidi\u00f3 dejar el cargo por temas personales. Record\u00f3 que durante este a\u00f1o se invertir\u00e1n m\u00e1s de 80 millones de pesos, esto independiente al mantenimiento urbano.<\/p>\n\n\n\n<blockquote class=\"wp-block-quote is-layout-flow wp-block-quote-is-layout-flow\"><p>\u201cSaben todos mis directores que tienen que hacer bien su trabajo, nadie est\u00e1 seguro aqu\u00ed y nadie es indispensable. Tengo un excelente equipo y hay que echarle ganas para que sigan saliendo las cosas como hasta el d\u00eda de hoy\u201d.<\/p><\/blockquote>\n\n\n\n<p>Insisti\u00f3 en que el plan municipal de obras se realizar\u00e1 conforme se tiene estipulado. Incluso se invertir\u00e1n m\u00e1s de 80 millones de pesos m\u00e1s el mantenimiento urbano de la ciudad.<\/p>\n","protected":false},"excerpt":{"rendered":"<p>Jes\u00fas Utrilla \/ NV Noticias El alcalde de Boca del R\u00edo, Juan Manuel De Unanue Abascal, confirm\u00f3 que nombr\u00f3 como director de obras p\u00fablicas a Edgar Orozco en sustituci\u00f3n de Jos\u00e9 Humberto D\u00edaz Ortiz. Inform\u00f3 que no habr\u00e1 cambios en cuanto a las obras p\u00fablicas que se tienen planeas para realizarse en los pr\u00f3ximos en [&hellip;]<\/p>\n","protected":false},"author":8,"featured_media":107940,"comment_status":"open","ping_status":"open","sticky":false,"template":"","format":"standard","meta":{"_monsterinsights_skip_tracking":false,"_monsterinsights_sitenote_active":false,"_monsterinsights_sitenote_note":"","_monsterinsights_sitenote_category":0,"footnotes":""},"categories":[154],"tags":[423,25383],"class_list":["post-107939","post","type-post","status-publish","format-standard","has-post-thumbnail","hentry","category-veracruz","tag-boca-del-rio","tag-director-obras-publicas","wp-image-borders"],"amp_enabled":true,"_links":{"self":[{"href":"https:\/\/nvnoticias.mx\/index.php\/wp-json\/wp\/v2\/posts\/107939","targetHints":{"allow":["GET"]}}],"collection":[{"href":"https:\/\/nvnoticias.mx\/index.php\/wp-json\/wp\/v2\/posts"}],"about":[{"href":"https:\/\/nvnoticias.mx\/index.php\/wp-json\/wp\/v2\/types\/post"}],"author":[{"embeddable":true,"href":"https:\/\/nvnoticias.mx\/index.php\/wp-json\/wp\/v2\/users\/8"}],"replies":[{"embeddable":true,"href":"https:\/\/nvnoticias.mx\/index.php\/wp-json\/wp\/v2\/comments?post=107939"}],"version-history":[{"count":1,"href":"https:\/\/nvnoticias.mx\/index.php\/wp-json\/wp\/v2\/posts\/107939\/revisions"}],"predecessor-version":[{"id":107941,"href":"https:\/\/nvnoticias.mx\/index.php\/wp-json\/wp\/v2\/posts\/107939\/revisions\/107941"}],"wp:featuredmedia":[{"embeddable":true,"href":"https:\/\/nvnoticias.mx\/index.php\/wp-json\/wp\/v2\/media\/107940"}],"wp:attachment":[{"href":"https:\/\/nvnoticias.mx\/index.php\/wp-json\/wp\/v2\/media?parent=107939"}],"wp:term":[{"taxonomy":"category","embeddable":true,"href":"https:\/\/nvnoticias.mx\/index.php\/wp-json\/wp\/v2\/categories?post=107939"},{"taxonomy":"post_tag","embeddable":true,"href":"https:\/\/nvnoticias.mx\/index.php\/wp-json\/wp\/v2\/tags?post=107939"}],"curies":[{"name":"wp","href":"https:\/\/api.w.org\/{rel}","templated":true}]}}