{"id":107904,"date":"2023-05-25T12:52:19","date_gmt":"2023-05-25T17:52:19","guid":{"rendered":"https:\/\/nvnoticias.mx\/?p=107904"},"modified":"2023-05-25T12:52:19","modified_gmt":"2023-05-25T17:52:19","slug":"el-dif-de-boca-del-rio-realizo-la-entrega-de-aparatos-funcionales","status":"publish","type":"post","link":"https:\/\/nvnoticias.mx\/index.php\/2023\/05\/25\/el-dif-de-boca-del-rio-realizo-la-entrega-de-aparatos-funcionales\/","title":{"rendered":"El DIF de Boca del R\u00edo realiz\u00f3 la entrega de aparatos funcionales"},"content":{"rendered":"\n<p><strong>Jes\u00fas Utrilla | NV Noticias<\/strong><\/p>\n\n\n\n<p>El DIF de Boca del R\u00edo realiz\u00f3 la entrega de aparatos funcionales a personas con capacidades diferentes y adultos mayores.<\/p>\n\n\n\n<p>Fueron m\u00e1s de 100 aparatos entre silla de ruedas, bastones y andaderas.<\/p>\n\n\n\n<p>Melinda Rivera, presidenta del Sistema para el Desarrollo Integral de la Familia dijo que con dichas herramientas se apoyar\u00e1 a las personas a desempe\u00f1ar de mejor manera sus actividades diarias.<\/p>\n\n\n\n<blockquote class=\"wp-block-quote is-layout-flow wp-block-quote-is-layout-flow\"><p>\u201cEl apoyo para aparatos funcionales es de gran ayuda para la persona y toda la familia, para manejarse de mejor forma. Reconozco a mi esposo Juan Manuel Unanue por seguir impulsando este programa como lo prometi\u00f3 desde su campa\u00f1a\u201d.<\/p><\/blockquote>\n\n\n\n<p>Llam\u00f3 a los grupos vulnerables y sobre todo a quienes necesiten aparatos funcionales a acercarse al DIF de Boca del R\u00edo para poderlos apoyar. Reiter\u00f3 el compromiso de las autoridades municipales boque\u00f1as para impulsar a los habitantes de la ciudad y que tengan una mejor calidad de vida.<\/p>\n\n\n\n<blockquote class=\"wp-block-quote is-layout-flow wp-block-quote-is-layout-flow\"><p>\u201cPerdemos que podamos contribuir con ustedes y desde el DIF vamos a seguir trabajando siendo impulsores de estos apoyos que ustedes reciben. Esperamos que les sea muy util esta ayuda\u201d.<\/p><\/blockquote>\n\n\n\n<p>Las autoridades boque\u00f1as realizaron la entrega simb\u00f3lica de los aparatos en la explanada municipal. El alcalde Juan Manuel de Unanue Abascal admiti\u00f3 que la lista de espera persiste pero se cumple poco a poco.<\/p>\n\n\n\n<blockquote class=\"wp-block-quote is-layout-flow wp-block-quote-is-layout-flow\"><p>\u201cAgradezco la confianza de todos ustedes y reconozco el trabajo de todo mi equipo. Gracias a todo el equipo podemos lograr este tipo de acciones, as\u00ed como obras y programas a beneficio de todos ustedes\u201d, concluy\u00f3.<\/p><\/blockquote>\n","protected":false},"excerpt":{"rendered":"<p>Jes\u00fas Utrilla | NV Noticias El DIF de Boca del R\u00edo realiz\u00f3 la entrega de aparatos funcionales a personas con capacidades diferentes y adultos mayores. Fueron m\u00e1s de 100 aparatos entre silla de ruedas, bastones y andaderas. Melinda Rivera, presidenta del Sistema para el Desarrollo Integral de la Familia dijo que con dichas herramientas se [&hellip;]<\/p>\n","protected":false},"author":35,"featured_media":107905,"comment_status":"open","ping_status":"open","sticky":false,"template":"","format":"standard","meta":{"_monsterinsights_skip_tracking":false,"_monsterinsights_sitenote_active":false,"_monsterinsights_sitenote_note":"","_monsterinsights_sitenote_category":0,"footnotes":""},"categories":[154],"tags":[25373,25372,6439,11830],"class_list":["post-107904","post","type-post","status-publish","format-standard","has-post-thumbnail","hentry","category-veracruz","tag-aparatos-funcionales","tag-dif-de-boca-del-rio","tag-entrega","tag-realizo","wp-image-borders"],"amp_enabled":true,"_links":{"self":[{"href":"https:\/\/nvnoticias.mx\/index.php\/wp-json\/wp\/v2\/posts\/107904","targetHints":{"allow":["GET"]}}],"collection":[{"href":"https:\/\/nvnoticias.mx\/index.php\/wp-json\/wp\/v2\/posts"}],"about":[{"href":"https:\/\/nvnoticias.mx\/index.php\/wp-json\/wp\/v2\/types\/post"}],"author":[{"embeddable":true,"href":"https:\/\/nvnoticias.mx\/index.php\/wp-json\/wp\/v2\/users\/35"}],"replies":[{"embeddable":true,"href":"https:\/\/nvnoticias.mx\/index.php\/wp-json\/wp\/v2\/comments?post=107904"}],"version-history":[{"count":1,"href":"https:\/\/nvnoticias.mx\/index.php\/wp-json\/wp\/v2\/posts\/107904\/revisions"}],"predecessor-version":[{"id":107906,"href":"https:\/\/nvnoticias.mx\/index.php\/wp-json\/wp\/v2\/posts\/107904\/revisions\/107906"}],"wp:featuredmedia":[{"embeddable":true,"href":"https:\/\/nvnoticias.mx\/index.php\/wp-json\/wp\/v2\/media\/107905"}],"wp:attachment":[{"href":"https:\/\/nvnoticias.mx\/index.php\/wp-json\/wp\/v2\/media?parent=107904"}],"wp:term":[{"taxonomy":"category","embeddable":true,"href":"https:\/\/nvnoticias.mx\/index.php\/wp-json\/wp\/v2\/categories?post=107904"},{"taxonomy":"post_tag","embeddable":true,"href":"https:\/\/nvnoticias.mx\/index.php\/wp-json\/wp\/v2\/tags?post=107904"}],"curies":[{"name":"wp","href":"https:\/\/api.w.org\/{rel}","templated":true}]}}