{"id":107886,"date":"2023-05-25T10:59:05","date_gmt":"2023-05-25T15:59:05","guid":{"rendered":"https:\/\/nvnoticias.mx\/?p=107886"},"modified":"2023-05-25T10:59:06","modified_gmt":"2023-05-25T15:59:06","slug":"responde-amlo-a-solicitud-de-destitucion-promovida-por-pan-en-la-corte","status":"publish","type":"post","link":"https:\/\/nvnoticias.mx\/index.php\/2023\/05\/25\/responde-amlo-a-solicitud-de-destitucion-promovida-por-pan-en-la-corte\/","title":{"rendered":"Responde AMLO a solicitud de destituci\u00f3n promovida por PAN en la Corte"},"content":{"rendered":"\n<p>L\u00f3pez Obrador se mostr\u00f3 despreocupado ante la&nbsp;<strong>solicitud que promueve el PAN&nbsp;<\/strong>en la Suprema Corte de Justicia de la Naci\u00f3n (SCJN) para&nbsp;<strong>destituirlo de su cargo<\/strong>&nbsp;por supuesto desacato judicial e investigarlo por&nbsp;<strong>abuso de autoridad<\/strong>.<\/p>\n\n\n\n<blockquote class=\"wp-block-quote is-layout-flow wp-block-quote-is-layout-flow\"><p>\u201cNo me preocupa, ya los he enfrentado, el desafuero fue eso, se amacollaron el PRI, PAN, Fox y la Suprema Corte, los enfrent\u00e9 a todos ellos\u201d, coment\u00f3.<\/p><\/blockquote>\n\n\n\n<p>El partido blanquiazul procedi\u00f3 con la solicitud luego de que el mandatario lanzara un\u00a0nuevo decreto que declara a las obras p\u00fablicas construidas durante su administraci\u00f3n como de seguridad nacional, unas horas despu\u00e9s de que el anterior fuera invalidado por ministros de la Suprema Corte.<\/p>\n\n\n\n<p>Fuente: <a href=\"https:\/\/www.elfinanciero.com.mx\/nacional\/2023\/05\/25\/amlo-mananera-temas-hoy-25-de-mayo-2023-en-vivo\/\" data-type=\"URL\" data-id=\"https:\/\/www.elfinanciero.com.mx\/nacional\/2023\/05\/25\/amlo-mananera-temas-hoy-25-de-mayo-2023-en-vivo\/\">El Financiero<\/a> <\/p>\n","protected":false},"excerpt":{"rendered":"<p>L\u00f3pez Obrador se mostr\u00f3 despreocupado ante la&nbsp;solicitud que promueve el PAN&nbsp;en la Suprema Corte de Justicia de la Naci\u00f3n (SCJN) para&nbsp;destituirlo de su cargo&nbsp;por supuesto desacato judicial e investigarlo por&nbsp;abuso de autoridad. \u201cNo me preocupa, ya los he enfrentado, el desafuero fue eso, se amacollaron el PRI, PAN, Fox y la Suprema Corte, los enfrent\u00e9 [&hellip;]<\/p>\n","protected":false},"author":35,"featured_media":105844,"comment_status":"open","ping_status":"open","sticky":false,"template":"","format":"standard","meta":{"_monsterinsights_skip_tracking":false,"_monsterinsights_sitenote_active":false,"_monsterinsights_sitenote_note":"","_monsterinsights_sitenote_category":0,"footnotes":""},"categories":[158],"tags":[188,7727,2408,284,25363,9477,11062],"class_list":["post-107886","post","type-post","status-publish","format-standard","has-post-thumbnail","hentry","category-politica","tag-amlo","tag-corte","tag-destitucion","tag-pan","tag-promovida","tag-responde","tag-solicitud","wp-image-borders"],"amp_enabled":true,"_links":{"self":[{"href":"https:\/\/nvnoticias.mx\/index.php\/wp-json\/wp\/v2\/posts\/107886","targetHints":{"allow":["GET"]}}],"collection":[{"href":"https:\/\/nvnoticias.mx\/index.php\/wp-json\/wp\/v2\/posts"}],"about":[{"href":"https:\/\/nvnoticias.mx\/index.php\/wp-json\/wp\/v2\/types\/post"}],"author":[{"embeddable":true,"href":"https:\/\/nvnoticias.mx\/index.php\/wp-json\/wp\/v2\/users\/35"}],"replies":[{"embeddable":true,"href":"https:\/\/nvnoticias.mx\/index.php\/wp-json\/wp\/v2\/comments?post=107886"}],"version-history":[{"count":2,"href":"https:\/\/nvnoticias.mx\/index.php\/wp-json\/wp\/v2\/posts\/107886\/revisions"}],"predecessor-version":[{"id":107888,"href":"https:\/\/nvnoticias.mx\/index.php\/wp-json\/wp\/v2\/posts\/107886\/revisions\/107888"}],"wp:featuredmedia":[{"embeddable":true,"href":"https:\/\/nvnoticias.mx\/index.php\/wp-json\/wp\/v2\/media\/105844"}],"wp:attachment":[{"href":"https:\/\/nvnoticias.mx\/index.php\/wp-json\/wp\/v2\/media?parent=107886"}],"wp:term":[{"taxonomy":"category","embeddable":true,"href":"https:\/\/nvnoticias.mx\/index.php\/wp-json\/wp\/v2\/categories?post=107886"},{"taxonomy":"post_tag","embeddable":true,"href":"https:\/\/nvnoticias.mx\/index.php\/wp-json\/wp\/v2\/tags?post=107886"}],"curies":[{"name":"wp","href":"https:\/\/api.w.org\/{rel}","templated":true}]}}