{"id":107849,"date":"2023-05-24T19:54:05","date_gmt":"2023-05-25T00:54:05","guid":{"rendered":"https:\/\/nvnoticias.mx\/?p=107849"},"modified":"2023-05-24T19:54:06","modified_gmt":"2023-05-25T00:54:06","slug":"brighton-jugara-competencias-europeas","status":"publish","type":"post","link":"https:\/\/nvnoticias.mx\/index.php\/2023\/05\/24\/brighton-jugara-competencias-europeas\/","title":{"rendered":"Brighton jugar\u00e1 competencias europeas"},"content":{"rendered":"\n<p>Tras un par de d\u00edas de intercambiarse elogios y de alabar el f\u00fatbol de cada uno, Pep Guardiola y Roberto de Zerbi firmaron este mi\u00e9rcoles un empate (1-1) que contenta a ambos; no frena el \u00edmpetu del Manchester City, que no pierde desde principios de febrero, y certifica adem\u00e1s el pase del Brighton a la Europa League.<\/p>\n\n\n\n<p>Los &#8216;Seagulls&#8217; ya ten\u00edan virtualmente conseguida la sexta plaza, por su amplia diferencia goleadora respecto al Aston Villa, pero con este punto la terminaron de sellar. Por primera vez en su historia ir\u00e1n a Europa y lo har\u00e1n en la Europa League, junto al Liverpool.<\/p>\n\n\n\n<p>Un golazo de Julio Enciso desde 35 metros fue el lazo perfecto a un partido sin demasiada tensi\u00f3n competitiva, que permiti\u00f3 aflorar la creatividad de los dos equipos y que solo afe\u00f3 un tanto anulado a Erling Haaland en los \u00faltimos minutos por un agarr\u00f3n bastante discutible.<\/p>\n\n\n\n<p>El City estuvo mejor en la primera media hora, con un mano a mano fallado por Erling Haaland ante Steele y con una acci\u00f3n de generosidad del noruego, que regal\u00f3 el primer gol del partido a Phil Foden tras encarar al portero y abrir un hueco a su izquierda que aprovech\u00f3 el ingl\u00e9s. Van Hecke lleg\u00f3 a tocar a la desesperada el bal\u00f3n en la l\u00ednea, pero no pudo sacarla. El dominio del City solo lo quebr\u00f3 una falta de Welbeck al larguero, que estuvo a unos cent\u00edmetros de hacer el primer gol de su carrera a los &#8216;Sky Blues&#8217;.<\/p>\n\n\n\n<p>Al estar por debajo en el marcador, el Brighton pudo despegar y desplegar un arsenal ofensivo brillante que tuvo su primer bala en un gol anulado a Mitoma por mano al reba\u00f1ar un c\u00f3rner en el segundo palo.<\/p>\n\n\n\n<p>Un jarro de agua fr\u00eda para el nip\u00f3n que no dur\u00f3 apenas siete minutos, porque Enciso atrap\u00f3 una pelota a 35 metros de la porter\u00eda y la clav\u00f3 en la escuadra de Stefan Ortega, con un golpeo que record\u00f3 mucho al golazo que le hizo al Chelsea hace un par de meses.<\/p>\n\n\n\n<p>El gol del paraguayo fue el pico de un partido que vir\u00f3 entre ocasi\u00f3n y ocasi\u00f3n, con un gol anulado a Welbeck por fuera de juego, un cabezazo de Foden al larguero y un disparo rozando el poste de Gundogan, adem\u00e1s de un zapatazo desde la frontal de Estupi\u00f1\u00e1n que borde\u00f3 la escuadra, y tambi\u00e9n dej\u00f3 im\u00e1genes ic\u00f3nicas, como un choque de manos entre Guardiola y De Zerbi despu\u00e9s de que el espa\u00f1ol devolviera un bal\u00f3n con el pie al campo.<\/p>\n\n\n\n<p>El clima era distendido, pero Haaland no entiende de amistosos y a diez minutos del final cabece\u00f3 un centro de Palmer para poner el 1-2. Sin embargo, el VAR interpret\u00f3 que hubo un agarr\u00f3n del noruego a Colwill y lo anul\u00f3. Decisi\u00f3n que enfad\u00f3 a Guardiola y termin\u00f3 con el buen ambiente del partido, adem\u00e1s de con una amarilla para el t\u00e9cnico de Sampedor.<\/p>\n\n\n\n<p>Por fortuna, apenas qued\u00f3 tiempo por delante. Hubo un par de amarillas y poco m\u00e1s. El encuentro, pr\u00e1cticamente intrascendente, termin\u00f3 en empate, confirm\u00f3 el billete del Brighton a la Europa League y, aunque rompi\u00f3 la racha de doce triunfos seguidos del City en la Premier, el City lleva casi cuatro meses sin perder. Tanto Guardiola como De Zerbi se fueron satisfechos.<\/p>\n","protected":false},"excerpt":{"rendered":"<p>Tras un par de d\u00edas de intercambiarse elogios y de alabar el f\u00fatbol de cada uno, Pep Guardiola y Roberto de Zerbi firmaron este mi\u00e9rcoles un empate (1-1) que contenta a ambos; no frena el \u00edmpetu del Manchester City, que no pierde desde principios de febrero, y certifica adem\u00e1s el pase del Brighton a la [&hellip;]<\/p>\n","protected":false},"author":8,"featured_media":107850,"comment_status":"open","ping_status":"open","sticky":false,"template":"","format":"standard","meta":{"_monsterinsights_skip_tracking":false,"_monsterinsights_sitenote_active":false,"_monsterinsights_sitenote_note":"","_monsterinsights_sitenote_category":0,"footnotes":""},"categories":[159],"tags":[25359,3479,6647],"class_list":["post-107849","post","type-post","status-publish","format-standard","has-post-thumbnail","hentry","category-deportes","tag-brighton","tag-europa-league","tag-premier-league","wp-image-borders"],"amp_enabled":true,"_links":{"self":[{"href":"https:\/\/nvnoticias.mx\/index.php\/wp-json\/wp\/v2\/posts\/107849","targetHints":{"allow":["GET"]}}],"collection":[{"href":"https:\/\/nvnoticias.mx\/index.php\/wp-json\/wp\/v2\/posts"}],"about":[{"href":"https:\/\/nvnoticias.mx\/index.php\/wp-json\/wp\/v2\/types\/post"}],"author":[{"embeddable":true,"href":"https:\/\/nvnoticias.mx\/index.php\/wp-json\/wp\/v2\/users\/8"}],"replies":[{"embeddable":true,"href":"https:\/\/nvnoticias.mx\/index.php\/wp-json\/wp\/v2\/comments?post=107849"}],"version-history":[{"count":1,"href":"https:\/\/nvnoticias.mx\/index.php\/wp-json\/wp\/v2\/posts\/107849\/revisions"}],"predecessor-version":[{"id":107851,"href":"https:\/\/nvnoticias.mx\/index.php\/wp-json\/wp\/v2\/posts\/107849\/revisions\/107851"}],"wp:featuredmedia":[{"embeddable":true,"href":"https:\/\/nvnoticias.mx\/index.php\/wp-json\/wp\/v2\/media\/107850"}],"wp:attachment":[{"href":"https:\/\/nvnoticias.mx\/index.php\/wp-json\/wp\/v2\/media?parent=107849"}],"wp:term":[{"taxonomy":"category","embeddable":true,"href":"https:\/\/nvnoticias.mx\/index.php\/wp-json\/wp\/v2\/categories?post=107849"},{"taxonomy":"post_tag","embeddable":true,"href":"https:\/\/nvnoticias.mx\/index.php\/wp-json\/wp\/v2\/tags?post=107849"}],"curies":[{"name":"wp","href":"https:\/\/api.w.org\/{rel}","templated":true}]}}