{"id":107817,"date":"2023-05-24T14:39:30","date_gmt":"2023-05-24T19:39:30","guid":{"rendered":"https:\/\/nvnoticias.mx\/?p=107817"},"modified":"2023-05-24T14:39:31","modified_gmt":"2023-05-24T19:39:31","slug":"con-registro-mapearan-actividad-de-promotores-culturales","status":"publish","type":"post","link":"https:\/\/nvnoticias.mx\/index.php\/2023\/05\/24\/con-registro-mapearan-actividad-de-promotores-culturales\/","title":{"rendered":"Con registro mapear\u00e1n actividad de promotores culturales"},"content":{"rendered":"\n<p><strong>Sam Ojeda\u00a0\/ NV Noticias<\/strong><\/p>\n\n\n\n<p>Xalapa.- Se abri\u00f3 el Registro Nacional de Espacios, Pr\u00e1cticas y Agentes Culturales que tiene el objetivo de crear un mapeo de agentes culturales, inform\u00f3 Ir\u00e1n Soto Campos, promotora de desarrollo cultural comunitario para la Secretar\u00eda de Cultura.<\/p>\n\n\n\n<p>En conferencia de prensa, dijo que este registro servir\u00e1 como red social para agentes y organizaciones culturales, con el objetivo de tejer redes de trabajo en todo el pa\u00eds.&nbsp;<\/p>\n\n\n\n<p>Adem\u00e1s, podr\u00e1n acceder a las convocatorias y noticias referentes a las pr\u00e1cticas art\u00edsticas y culturales.<\/p>\n\n\n\n<p>En el caso de Xalapa, dijo que se implementar\u00e1n jornadas de registro para todas las personas interesadas en ser parte del Registro Nacional de Espacios, Pr\u00e1cticas y Agentes Culturales.<\/p>\n\n\n\n<blockquote class=\"wp-block-quote is-layout-flow wp-block-quote-is-layout-flow\"><p>&#8220;<em>El objetivo del Registro Telar es crear un mapeo de agentes culturales que participan en alguna de las etapas del ciclo cultural: creaci\u00f3n, producci\u00f3n, exhibici\u00f3n y transmisi\u00f3n, procesos de preservaci\u00f3n, documentaci\u00f3n, formaci\u00f3n y capacitaci\u00f3n<\/em>&#8220;.<\/p><\/blockquote>\n\n\n\n<p>Por ello, dijo que si alguien forma parte de este ciclo cultural, lo invitan a registrarse, pues con la informaci\u00f3n recopilada se podr\u00e1n dise\u00f1ar acciones y programas enfocados en la producci\u00f3n cultural y el fortalecimiento de los ciclos culturales desde lo local.&nbsp;<\/p>\n\n\n\n<p>Los interesados en ser parte de esta red, solo necesitan la CURP, un correo electr\u00f3nico y responder al formulario. Acudir a las jornadas de registro:<\/p>\n\n\n\n<p>Los registros se realizar\u00e1n este viernes 26 de mayo de 19:00 a 20:00 horas en La Tasca del Cantor, Calle Xicot\u00e9ncatl #76 de la Zona Centro.&nbsp;<\/p>\n\n\n\n<p>Lo mismo ocurriera el pr\u00f3ximo mi\u00e9rcoles 7 y jueves 8 de junio en el Centro Recreativo Xalape\u00f1o. Xalape\u00f1os Ilustres #31. Zona Centro en horario de 11:00 a 15:00 y 17:00 a 20:00 horas, mayores informes al tel\u00e9fono&nbsp;22 81 87 77 00.<\/p>\n","protected":false},"excerpt":{"rendered":"<p>Sam Ojeda\u00a0\/ NV Noticias Xalapa.- Se abri\u00f3 el Registro Nacional de Espacios, Pr\u00e1cticas y Agentes Culturales que tiene el objetivo de crear un mapeo de agentes culturales, inform\u00f3 Ir\u00e1n Soto Campos, promotora de desarrollo cultural comunitario para la Secretar\u00eda de Cultura. En conferencia de prensa, dijo que este registro servir\u00e1 como red social para agentes [&hellip;]<\/p>\n","protected":false},"author":8,"featured_media":107818,"comment_status":"open","ping_status":"open","sticky":false,"template":"","format":"standard","meta":{"_monsterinsights_skip_tracking":false,"_monsterinsights_sitenote_active":false,"_monsterinsights_sitenote_note":"","_monsterinsights_sitenote_category":0,"footnotes":""},"categories":[156],"tags":[25353,4666],"class_list":["post-107817","post","type-post","status-publish","format-standard","has-post-thumbnail","hentry","category-estado","tag-promotores-culturales","tag-secretaria-de-cultura","wp-image-borders"],"amp_enabled":true,"_links":{"self":[{"href":"https:\/\/nvnoticias.mx\/index.php\/wp-json\/wp\/v2\/posts\/107817","targetHints":{"allow":["GET"]}}],"collection":[{"href":"https:\/\/nvnoticias.mx\/index.php\/wp-json\/wp\/v2\/posts"}],"about":[{"href":"https:\/\/nvnoticias.mx\/index.php\/wp-json\/wp\/v2\/types\/post"}],"author":[{"embeddable":true,"href":"https:\/\/nvnoticias.mx\/index.php\/wp-json\/wp\/v2\/users\/8"}],"replies":[{"embeddable":true,"href":"https:\/\/nvnoticias.mx\/index.php\/wp-json\/wp\/v2\/comments?post=107817"}],"version-history":[{"count":1,"href":"https:\/\/nvnoticias.mx\/index.php\/wp-json\/wp\/v2\/posts\/107817\/revisions"}],"predecessor-version":[{"id":107819,"href":"https:\/\/nvnoticias.mx\/index.php\/wp-json\/wp\/v2\/posts\/107817\/revisions\/107819"}],"wp:featuredmedia":[{"embeddable":true,"href":"https:\/\/nvnoticias.mx\/index.php\/wp-json\/wp\/v2\/media\/107818"}],"wp:attachment":[{"href":"https:\/\/nvnoticias.mx\/index.php\/wp-json\/wp\/v2\/media?parent=107817"}],"wp:term":[{"taxonomy":"category","embeddable":true,"href":"https:\/\/nvnoticias.mx\/index.php\/wp-json\/wp\/v2\/categories?post=107817"},{"taxonomy":"post_tag","embeddable":true,"href":"https:\/\/nvnoticias.mx\/index.php\/wp-json\/wp\/v2\/tags?post=107817"}],"curies":[{"name":"wp","href":"https:\/\/api.w.org\/{rel}","templated":true}]}}