{"id":107762,"date":"2023-05-24T11:33:12","date_gmt":"2023-05-24T16:33:12","guid":{"rendered":"https:\/\/nvnoticias.mx\/?p=107762"},"modified":"2023-05-24T11:33:14","modified_gmt":"2023-05-24T16:33:14","slug":"peru-no-ha-tenido-un-proceso-de-transformacion-como-el-de-mexico-amlo","status":"publish","type":"post","link":"https:\/\/nvnoticias.mx\/index.php\/2023\/05\/24\/peru-no-ha-tenido-un-proceso-de-transformacion-como-el-de-mexico-amlo\/","title":{"rendered":"Per\u00fa no ha tenido un proceso de transformaci\u00f3n como el de M\u00e9xico: AMLO"},"content":{"rendered":"\n<p>El\u00a0<strong>presidente Andr\u00e9s Manuel L\u00f3pez Obrador<\/strong>\u00a0asegur\u00f3 que desafortunadamente<strong>\u00a0Per\u00fa<\/strong>\u00a0no ha tenido un\u00a0<strong>proceso de transformaci\u00f3n<\/strong>\u00a0como el de\u00a0<strong>M\u00e9xico<\/strong>.<\/p>\n\n\n\n<blockquote class=\"wp-block-quote is-layout-flow wp-block-quote-is-layout-flow\"><p>\u201cEsto que hablamos de Per\u00fa porque desafortunadamente no han tenido un proceso de transformaci\u00f3n como se llev\u00f3 a cabo en M\u00e9xico\u201d.<\/p><\/blockquote>\n\n\n\n<p>En conferencia de prensa, el Jefe del Ejecutivo record\u00f3 que en nuestro pa\u00eds no s\u00f3lo se luch\u00f3 por la Independencia sino por la justicia pues Miguel Hidalgo fue el primero que proclam\u00f3 la abolici\u00f3n de la esclavitud.<\/p>\n\n\n\n<blockquote class=\"wp-block-quote is-layout-flow wp-block-quote-is-layout-flow\"><p>\u201cLuego el movimiento de reforma como el que encabez\u00f3 Benito Ju\u00e1rez, en \u00bfd\u00f3nde hubo una revoluci\u00f3n como la mexicana que fue la primera revoluci\u00f3n social en el mundo?<\/p><\/blockquote>\n\n\n\n<blockquote class=\"wp-block-quote is-layout-flow wp-block-quote-is-layout-flow\"><p>\u201cEso nos ha ayudado mucho en nuestro proceso de transformaci\u00f3n, por eso es esta nueva etapa nos ha costado que el pueblo se empodere y tome el poder en sus manos y eso ha hecho falta en otros pa\u00edses\u201d.<\/p><\/blockquote>\n\n\n\n<p>El Mandatario se\u00f1al\u00f3 que las diferencias con el gobierno de Per\u00fa no son a partir de la injusticia que cometieron destituyendo y encarcelando al presidente Pedro Castillo, si no que vienen de tiempo atr\u00e1s.<\/p>\n\n\n\n<blockquote class=\"wp-block-quote is-layout-flow wp-block-quote-is-layout-flow\"><p>\u201cSe decidi\u00f3 ir a buscar a Evo Morales, lo hab\u00edan destituido y hab\u00eda una rebeli\u00f3n racista en Bollvia, se le fue a buscar en un avi\u00f3n de la Fuerza A\u00e9rea Mexicana para salvarle la vida. Los del gobierno del Per\u00fa nos prohibieron el uso del espacio a\u00e9reo, recibiendo instrucciones quien sabe de d\u00f3nde\u201d.<\/p><\/blockquote>\n\n\n\n<p>Fuente:<a href=\"https:\/\/www.eluniversal.com.mx\/nacion\/peru-no-ha-tendido-un-proceso-de-transformacion-como-el-de-mexico-amlo\/\" data-type=\"URL\" data-id=\"https:\/\/www.eluniversal.com.mx\/nacion\/peru-no-ha-tendido-un-proceso-de-transformacion-como-el-de-mexico-amlo\/\"> El Universal<\/a> <\/p>\n","protected":false},"excerpt":{"rendered":"<p>El\u00a0presidente Andr\u00e9s Manuel L\u00f3pez Obrador\u00a0asegur\u00f3 que desafortunadamente\u00a0Per\u00fa\u00a0no ha tenido un\u00a0proceso de transformaci\u00f3n\u00a0como el de\u00a0M\u00e9xico. \u201cEsto que hablamos de Per\u00fa porque desafortunadamente no han tenido un proceso de transformaci\u00f3n como se llev\u00f3 a cabo en M\u00e9xico\u201d. En conferencia de prensa, el Jefe del Ejecutivo record\u00f3 que en nuestro pa\u00eds no s\u00f3lo se luch\u00f3 por la Independencia [&hellip;]<\/p>\n","protected":false},"author":35,"featured_media":107502,"comment_status":"open","ping_status":"open","sticky":false,"template":"","format":"standard","meta":{"_monsterinsights_skip_tracking":false,"_monsterinsights_sitenote_active":false,"_monsterinsights_sitenote_note":"","_monsterinsights_sitenote_category":0,"footnotes":""},"categories":[158],"tags":[188,292,25344,4602,2189,4076],"class_list":["post-107762","post","type-post","status-publish","format-standard","has-post-thumbnail","hentry","category-politica","tag-amlo","tag-mexico","tag-no-ha-tenido","tag-peru","tag-proceso","tag-transformacion","wp-image-borders"],"amp_enabled":true,"_links":{"self":[{"href":"https:\/\/nvnoticias.mx\/index.php\/wp-json\/wp\/v2\/posts\/107762","targetHints":{"allow":["GET"]}}],"collection":[{"href":"https:\/\/nvnoticias.mx\/index.php\/wp-json\/wp\/v2\/posts"}],"about":[{"href":"https:\/\/nvnoticias.mx\/index.php\/wp-json\/wp\/v2\/types\/post"}],"author":[{"embeddable":true,"href":"https:\/\/nvnoticias.mx\/index.php\/wp-json\/wp\/v2\/users\/35"}],"replies":[{"embeddable":true,"href":"https:\/\/nvnoticias.mx\/index.php\/wp-json\/wp\/v2\/comments?post=107762"}],"version-history":[{"count":3,"href":"https:\/\/nvnoticias.mx\/index.php\/wp-json\/wp\/v2\/posts\/107762\/revisions"}],"predecessor-version":[{"id":107765,"href":"https:\/\/nvnoticias.mx\/index.php\/wp-json\/wp\/v2\/posts\/107762\/revisions\/107765"}],"wp:featuredmedia":[{"embeddable":true,"href":"https:\/\/nvnoticias.mx\/index.php\/wp-json\/wp\/v2\/media\/107502"}],"wp:attachment":[{"href":"https:\/\/nvnoticias.mx\/index.php\/wp-json\/wp\/v2\/media?parent=107762"}],"wp:term":[{"taxonomy":"category","embeddable":true,"href":"https:\/\/nvnoticias.mx\/index.php\/wp-json\/wp\/v2\/categories?post=107762"},{"taxonomy":"post_tag","embeddable":true,"href":"https:\/\/nvnoticias.mx\/index.php\/wp-json\/wp\/v2\/tags?post=107762"}],"curies":[{"name":"wp","href":"https:\/\/api.w.org\/{rel}","templated":true}]}}