{"id":107750,"date":"2023-05-24T11:11:40","date_gmt":"2023-05-24T16:11:40","guid":{"rendered":"https:\/\/nvnoticias.mx\/?p=107750"},"modified":"2023-05-24T11:11:41","modified_gmt":"2023-05-24T16:11:41","slug":"aboga-kamala-harris-por-restricciones-a-las-armas-de-fuego-tres-un-ano-del-ataque-en-uvalde","status":"publish","type":"post","link":"https:\/\/nvnoticias.mx\/index.php\/2023\/05\/24\/aboga-kamala-harris-por-restricciones-a-las-armas-de-fuego-tres-un-ano-del-ataque-en-uvalde\/","title":{"rendered":"Aboga Kamala Harris por restricciones a las armas de fuego tres un a\u00f1o del ataque en Uvalde"},"content":{"rendered":"\n<p>La vicepresidenta de Estados Unidos,&nbsp;<strong>Kamala Harris,&nbsp;<\/strong>abog\u00f3 este mi\u00e9rcoles por leyes que restrinjan la posesi\u00f3n de&nbsp;<strong>armas de fuego<\/strong>, al cumplirse un a\u00f1o del ataque en una escuela de&nbsp;<strong>Texas<\/strong>&nbsp;que dej\u00f3 19 ni\u00f1os y dos maestras muertos.<\/p>\n\n\n\n<blockquote class=\"wp-block-quote is-layout-flow wp-block-quote-is-layout-flow\"><p>&#8220;Hoy nuestra naci\u00f3n contin\u00faa el duelo por las vidas perdidas, orando por sus familias, y en duelo por un pa\u00eds en el cual esta violencia, incluso en las aulas de escuelas primarias, es enfermiza y com\u00fan&#8221;, indic\u00f3 Harris en un comunicado.<\/p><\/blockquote>\n\n\n\n<p>El 24 de mayo de 2022,\u00a0<strong>Salvador Ramos<\/strong>, de 18 a\u00f1os de edad, irrumpi\u00f3 en la\u00a0<strong>Escuela Primaria Robb<\/strong>\u00a0de la localidad de\u00a0<strong>Uvalde\u00a0<\/strong>(Texas) armado con un\u00a0<strong>rifle semiautom\u00e1tico<\/strong>\u00a0y cargadores con cientos de cartuchos, y en un ataque que dur\u00f3 77 minutos\u00a0<strong>mat\u00f3 a 21 personas<\/strong>\u00a0antes de ser abatido por agentes policiales.<\/p>\n\n\n\n<blockquote class=\"wp-block-quote is-layout-flow wp-block-quote-is-layout-flow\"><p>&#8220;Un a\u00f1o despu\u00e9s de\u00a0<strong>Uvalde<\/strong>, la violencia con amas de fuego sigue siendo la causa principal de muertes de ni\u00f1os en nuestro pa\u00eds&#8221;, afirm\u00f3 Harris. &#8220;Una de cada cinco familias estadounidenses ha perdido un miembro debido a la violencia con armas de fuego&#8221;.<\/p><\/blockquote>\n\n\n\n<p>Seg\u00fan\u00a0<strong>GunViolence<\/strong>, un grupo que registra datos sobre las armas de fuego en Estados Unidos, en lo que va del a\u00f1o 16.768 personas han muerto en incidentes relacionados con esas armas, y de esa cifra el 56% han sido suicidios.<\/p>\n\n\n\n<p>Harris a\u00f1adi\u00f3 que, en el a\u00f1o transcurrido desde la matanza, &#8220;muchas familias de Uvalde han canalizado su angustia hacia la movilizaci\u00f3n&#8221;.<\/p>\n\n\n\n<blockquote class=\"wp-block-quote is-layout-flow wp-block-quote-is-layout-flow\"><p>&#8220;Juntas, demandan que actuemos para salvar vidas&#8221;, sostuvo la vicepresidenta estadounidense, y se\u00f1al\u00f3 que el presidente\u00a0<strong>Joe Biden<\/strong>\u00a0&#8220;ha promulgado la legislaci\u00f3n de seguridad con las armas m\u00e1s significativa en 30 a\u00f1os, y puesto en pr\u00e1ctica importantes acciones ejecutivas&#8221;.<\/p><\/blockquote>\n\n\n\n<blockquote class=\"wp-block-quote is-layout-flow wp-block-quote-is-layout-flow\"><p>&#8220;Hay mucho m\u00e1s que hacer. Instamos al Congreso y a los cuerpos legislativos estatales a que encaren este momento penoso no solo con palabras, sino con acciones&#8221;, acot\u00f3 Harris.<\/p><\/blockquote>\n\n\n\n<p>Fuente: <a href=\"https:\/\/www.eluniversal.com.mx\/mundo\/kamala-harris-aboga-por-restricciones-a-las-armas-de-fuego-a-un-ano-de-ataque-en-uvalde\/\" data-type=\"URL\" data-id=\"https:\/\/www.eluniversal.com.mx\/mundo\/kamala-harris-aboga-por-restricciones-a-las-armas-de-fuego-a-un-ano-de-ataque-en-uvalde\/\">El Universal<\/a> <\/p>\n","protected":false},"excerpt":{"rendered":"<p>La vicepresidenta de Estados Unidos,&nbsp;Kamala Harris,&nbsp;abog\u00f3 este mi\u00e9rcoles por leyes que restrinjan la posesi\u00f3n de&nbsp;armas de fuego, al cumplirse un a\u00f1o del ataque en una escuela de&nbsp;Texas&nbsp;que dej\u00f3 19 ni\u00f1os y dos maestras muertos. &#8220;Hoy nuestra naci\u00f3n contin\u00faa el duelo por las vidas perdidas, orando por sus familias, y en duelo por un pa\u00eds en [&hellip;]<\/p>\n","protected":false},"author":35,"featured_media":15473,"comment_status":"open","ping_status":"open","sticky":false,"template":"","format":"standard","meta":{"_monsterinsights_skip_tracking":false,"_monsterinsights_sitenote_active":false,"_monsterinsights_sitenote_note":"","_monsterinsights_sitenote_category":0,"footnotes":""},"categories":[181],"tags":[9848,16586,2515,5002],"class_list":["post-107750","post","type-post","status-publish","format-standard","has-post-thumbnail","hentry","category-internacional","tag-aboga","tag-armas-de-fuego","tag-kamala-harris","tag-restricciones","wp-image-borders"],"amp_enabled":true,"_links":{"self":[{"href":"https:\/\/nvnoticias.mx\/index.php\/wp-json\/wp\/v2\/posts\/107750","targetHints":{"allow":["GET"]}}],"collection":[{"href":"https:\/\/nvnoticias.mx\/index.php\/wp-json\/wp\/v2\/posts"}],"about":[{"href":"https:\/\/nvnoticias.mx\/index.php\/wp-json\/wp\/v2\/types\/post"}],"author":[{"embeddable":true,"href":"https:\/\/nvnoticias.mx\/index.php\/wp-json\/wp\/v2\/users\/35"}],"replies":[{"embeddable":true,"href":"https:\/\/nvnoticias.mx\/index.php\/wp-json\/wp\/v2\/comments?post=107750"}],"version-history":[{"count":3,"href":"https:\/\/nvnoticias.mx\/index.php\/wp-json\/wp\/v2\/posts\/107750\/revisions"}],"predecessor-version":[{"id":107753,"href":"https:\/\/nvnoticias.mx\/index.php\/wp-json\/wp\/v2\/posts\/107750\/revisions\/107753"}],"wp:featuredmedia":[{"embeddable":true,"href":"https:\/\/nvnoticias.mx\/index.php\/wp-json\/wp\/v2\/media\/15473"}],"wp:attachment":[{"href":"https:\/\/nvnoticias.mx\/index.php\/wp-json\/wp\/v2\/media?parent=107750"}],"wp:term":[{"taxonomy":"category","embeddable":true,"href":"https:\/\/nvnoticias.mx\/index.php\/wp-json\/wp\/v2\/categories?post=107750"},{"taxonomy":"post_tag","embeddable":true,"href":"https:\/\/nvnoticias.mx\/index.php\/wp-json\/wp\/v2\/tags?post=107750"}],"curies":[{"name":"wp","href":"https:\/\/api.w.org\/{rel}","templated":true}]}}