{"id":107673,"date":"2023-05-23T15:30:11","date_gmt":"2023-05-23T20:30:11","guid":{"rendered":"https:\/\/nvnoticias.mx\/?p=107673"},"modified":"2023-05-23T15:30:12","modified_gmt":"2023-05-23T20:30:12","slug":"carlos-cisneros-es-baja-de-la-final-del-clausura-2023-por-lesion","status":"publish","type":"post","link":"https:\/\/nvnoticias.mx\/index.php\/2023\/05\/23\/carlos-cisneros-es-baja-de-la-final-del-clausura-2023-por-lesion\/","title":{"rendered":"Carlos Cisneros es baja de la Final del Clausura 2023 por lesi\u00f3n"},"content":{"rendered":"\n<p>Una lesi\u00f3n se presenta en\u00a0Chivas\u00a0para la gran final del\u00a0Clausura 2023.\u00a0Carlos \u201cEl Charal\u201d Cisneros\u00a0sufri\u00f3 una ruptura de ligamentos cruzados en la semifinal de vuelta en el\u00a0Cl\u00e1sico Nacional. Dicha lesi\u00f3n lo dejar\u00e1 sin posibilidades de disputar la gran final ante\u00a0Tigres\u00a0ya que su recuperaci\u00f3n ser\u00e1 entre 8-9 meses.<\/p>\n\n\n\n<p>El jugador de\u00a0Chivas\u00a0tuvo que abandonar el Cl\u00e1sico Nacional entre\u00a0Am\u00e9rica\u00a0y\u00a0Chivas\u00a0en la semifinal de vuelta en el\u00a0Estadio Azteca\u00a0tras una jugada en la que cay\u00f3 al c\u00e9sped sobre su rodilla que no le permiti\u00f3 continuar.<\/p>\n\n\n\n<p>Carlos \u201cEl Charal\u201d Cisneros\u00a0fue\u00a0titular en la cancha del Estadio Azteca\u00a0en la semifinal de vuelta. Sin embargo, al minuto 51 tuvo que dejar la cancha por la lesi\u00f3n sufrida, y en su lugar ingres\u00f3 Isaac \u201cEl Conejito\u201d Brizuela.<\/p>\n\n\n\n<p>Cabe recordar que el lateral de\u00a0Chivas, Carlos \u201cEl Charal\u201d Cisneros, sufri\u00f3 un tumor benigno en la zona de la tibia izquierda en el a\u00f1o 2017, acci\u00f3n que lo dej\u00f3 sin la posibilidad de disputar la final de dicho a\u00f1o ante Tigres en la que el Reba\u00f1o se coron\u00f3, misma final que en el Clausura 2023 y que tambi\u00e9n se perder\u00e1, ahora, por ruptura de ligamentos cruzados que lo dejar\u00e1 entre 8-9 meses, por lo que su regreso a las canchas ser\u00e1 hasta el pr\u00f3ximo a\u00f1o.<\/p>\n\n\n\n<p>Chivas\u00a0y\u00a0Tigres, finalistas del\u00a0Clausura 2023, ya tienen los d\u00edas y horarios para disputar la \u00faltima instancia de la\u00a0Liga MX. La ida ser\u00e1 el pr\u00f3ximo jueves a las 20:00 horas centro de\u00a0M\u00e9xico\u00a0en el Estadio Universitario, mientras que la vuelta ser\u00e1 en el Akron el domingo a las 19:35 horas.<\/p>\n\n\n\n<p>Cabe se\u00f1alar que los aficionados del Reba\u00f1o se encuentran optimistas, ya que el \u00faltimo panorama en el que levantaron el t\u00edtulo de liga, fue ante los felinos en el a\u00f1o 2017, adem\u00e1s de haber eliminado a\u00a0Atlas\u00a0en el\u00a0Cl\u00e1sico Tapat\u00edo, como lo fue en el presente semestre.<\/p>\n","protected":false},"excerpt":{"rendered":"<p>Una lesi\u00f3n se presenta en\u00a0Chivas\u00a0para la gran final del\u00a0Clausura 2023.\u00a0Carlos \u201cEl Charal\u201d Cisneros\u00a0sufri\u00f3 una ruptura de ligamentos cruzados en la semifinal de vuelta en el\u00a0Cl\u00e1sico Nacional. Dicha lesi\u00f3n lo dejar\u00e1 sin posibilidades de disputar la gran final ante\u00a0Tigres\u00a0ya que su recuperaci\u00f3n ser\u00e1 entre 8-9 meses. El jugador de\u00a0Chivas\u00a0tuvo que abandonar el Cl\u00e1sico Nacional entre\u00a0Am\u00e9rica\u00a0y\u00a0Chivas\u00a0en la [&hellip;]<\/p>\n","protected":false},"author":8,"featured_media":107676,"comment_status":"open","ping_status":"open","sticky":false,"template":"","format":"standard","meta":{"_monsterinsights_skip_tracking":false,"_monsterinsights_sitenote_active":false,"_monsterinsights_sitenote_note":"","_monsterinsights_sitenote_category":0,"footnotes":""},"categories":[159],"tags":[25331,816,20278,3472,7485],"class_list":["post-107673","post","type-post","status-publish","format-standard","has-post-thumbnail","hentry","category-deportes","tag-carlos-cisneros","tag-chivas","tag-clausura-2023","tag-final","tag-lesion","wp-image-borders"],"amp_enabled":true,"_links":{"self":[{"href":"https:\/\/nvnoticias.mx\/index.php\/wp-json\/wp\/v2\/posts\/107673","targetHints":{"allow":["GET"]}}],"collection":[{"href":"https:\/\/nvnoticias.mx\/index.php\/wp-json\/wp\/v2\/posts"}],"about":[{"href":"https:\/\/nvnoticias.mx\/index.php\/wp-json\/wp\/v2\/types\/post"}],"author":[{"embeddable":true,"href":"https:\/\/nvnoticias.mx\/index.php\/wp-json\/wp\/v2\/users\/8"}],"replies":[{"embeddable":true,"href":"https:\/\/nvnoticias.mx\/index.php\/wp-json\/wp\/v2\/comments?post=107673"}],"version-history":[{"count":1,"href":"https:\/\/nvnoticias.mx\/index.php\/wp-json\/wp\/v2\/posts\/107673\/revisions"}],"predecessor-version":[{"id":107677,"href":"https:\/\/nvnoticias.mx\/index.php\/wp-json\/wp\/v2\/posts\/107673\/revisions\/107677"}],"wp:featuredmedia":[{"embeddable":true,"href":"https:\/\/nvnoticias.mx\/index.php\/wp-json\/wp\/v2\/media\/107676"}],"wp:attachment":[{"href":"https:\/\/nvnoticias.mx\/index.php\/wp-json\/wp\/v2\/media?parent=107673"}],"wp:term":[{"taxonomy":"category","embeddable":true,"href":"https:\/\/nvnoticias.mx\/index.php\/wp-json\/wp\/v2\/categories?post=107673"},{"taxonomy":"post_tag","embeddable":true,"href":"https:\/\/nvnoticias.mx\/index.php\/wp-json\/wp\/v2\/tags?post=107673"}],"curies":[{"name":"wp","href":"https:\/\/api.w.org\/{rel}","templated":true}]}}