{"id":107663,"date":"2023-05-23T15:03:19","date_gmt":"2023-05-23T20:03:19","guid":{"rendered":"https:\/\/nvnoticias.mx\/?p=107663"},"modified":"2023-05-23T15:03:20","modified_gmt":"2023-05-23T20:03:20","slug":"aprovecha-el-bajo-costo-para-el-emplacamiento-de-motocicletas","status":"publish","type":"post","link":"https:\/\/nvnoticias.mx\/index.php\/2023\/05\/23\/aprovecha-el-bajo-costo-para-el-emplacamiento-de-motocicletas\/","title":{"rendered":"Aprovecha el bajo costo para el emplacamiento de motocicletas"},"content":{"rendered":"\n<p><strong>Jes\u00fas Utrilla \/ NV Noticias<\/strong><\/p>\n\n\n\n<p>El Movimiento Social Motociclista logr\u00f3 que se otorguen facilidades para el\u00a0emplacamiento\u00a0de motocicletas en Veracruz. <\/p>\n\n\n\n<p>Juan Orlando P\u00e9rez, dirigente de la agrupaci\u00f3n Jinetes Motorizados e integrante del Movimiento Social Motociclista, dijo que antes se deb\u00eda pagar mil pesos por cada a\u00f1o a partir de la facturaci\u00f3n del veh\u00edculo, ahora cobran mil 265 pesos e incluyendo placas, tarjeta de circulaci\u00f3n, registro y otros cargos para las motos que no cuentan con la placa.\u00a0<\/p>\n\n\n\n<p>En tanto se busca el apoyo para la regularizaci\u00f3n de las unidades en general, derogar la tenencia y reducir el costo de derecho vehicular, para los motociclistas.&nbsp;<\/p>\n\n\n\n<blockquote class=\"wp-block-quote is-layout-flow wp-block-quote-is-layout-flow\"><p>\u201c<em>Antes a cada persona de acuerdo a la fecha en que facturaba su moto y hasta ahorita o la fecha en que\u00a0emplacaban\u00a0le cobraban mil pesos por a\u00f1o, entre\u00a0emplacamiento, tarjeta de circulaci\u00f3n, registro, tenencia y otros cobros extras que son los que buscamos derogar. Eran como mil pesos por a\u00f1o y si ten\u00edas 12 a\u00f1os te cobraban 12 mil pesos.\u00a0<\/em><\/p><\/blockquote>\n\n\n\n<p>En el estado de Veracruz son cerca de 2 millones de unidades y cada d\u00eda incrementa m\u00e1s. Llam\u00f3 a los&nbsp;motocilistas&nbsp;que no la tienen registrada a contar por lo menos con la factura, copia de la factura, \u00faltimo pago del derecho vehicular u otro documento que ampare la posesi\u00f3n legal de la unidad.&nbsp;<\/p>\n\n\n\n<blockquote class=\"wp-block-quote is-layout-flow wp-block-quote-is-layout-flow\"><p>\u201c<em>Ya tuvimos pl\u00e1ticas con el subsecretario de Seguridad P\u00fablica en la zona centro del estado, nos confirmaron que ning\u00fan oficial de polic\u00eda estatal, municipal, Fuerza Civil o Guardia Nacional te puede quitar la moto<\/em>\u201d.\u00a0<\/p><\/blockquote>\n\n\n\n<p>El Movimiento Social Motociclista busca que el Congreso local adec\u00fae leyes para prevenir el aseguramiento de las unidades.&nbsp;<\/p>\n","protected":false},"excerpt":{"rendered":"<p>Jes\u00fas Utrilla \/ NV Noticias El Movimiento Social Motociclista logr\u00f3 que se otorguen facilidades para el\u00a0emplacamiento\u00a0de motocicletas en Veracruz. Juan Orlando P\u00e9rez, dirigente de la agrupaci\u00f3n Jinetes Motorizados e integrante del Movimiento Social Motociclista, dijo que antes se deb\u00eda pagar mil pesos por cada a\u00f1o a partir de la facturaci\u00f3n del veh\u00edculo, ahora cobran mil [&hellip;]<\/p>\n","protected":false},"author":8,"featured_media":107665,"comment_status":"open","ping_status":"open","sticky":false,"template":"","format":"standard","meta":{"_monsterinsights_skip_tracking":false,"_monsterinsights_sitenote_active":false,"_monsterinsights_sitenote_note":"","_monsterinsights_sitenote_category":0,"footnotes":""},"categories":[154],"tags":[25327,25328],"class_list":["post-107663","post","type-post","status-publish","format-standard","has-post-thumbnail","hentry","category-veracruz","tag-emplacamiento","tag-motocicletas","wp-image-borders"],"amp_enabled":true,"_links":{"self":[{"href":"https:\/\/nvnoticias.mx\/index.php\/wp-json\/wp\/v2\/posts\/107663","targetHints":{"allow":["GET"]}}],"collection":[{"href":"https:\/\/nvnoticias.mx\/index.php\/wp-json\/wp\/v2\/posts"}],"about":[{"href":"https:\/\/nvnoticias.mx\/index.php\/wp-json\/wp\/v2\/types\/post"}],"author":[{"embeddable":true,"href":"https:\/\/nvnoticias.mx\/index.php\/wp-json\/wp\/v2\/users\/8"}],"replies":[{"embeddable":true,"href":"https:\/\/nvnoticias.mx\/index.php\/wp-json\/wp\/v2\/comments?post=107663"}],"version-history":[{"count":1,"href":"https:\/\/nvnoticias.mx\/index.php\/wp-json\/wp\/v2\/posts\/107663\/revisions"}],"predecessor-version":[{"id":107666,"href":"https:\/\/nvnoticias.mx\/index.php\/wp-json\/wp\/v2\/posts\/107663\/revisions\/107666"}],"wp:featuredmedia":[{"embeddable":true,"href":"https:\/\/nvnoticias.mx\/index.php\/wp-json\/wp\/v2\/media\/107665"}],"wp:attachment":[{"href":"https:\/\/nvnoticias.mx\/index.php\/wp-json\/wp\/v2\/media?parent=107663"}],"wp:term":[{"taxonomy":"category","embeddable":true,"href":"https:\/\/nvnoticias.mx\/index.php\/wp-json\/wp\/v2\/categories?post=107663"},{"taxonomy":"post_tag","embeddable":true,"href":"https:\/\/nvnoticias.mx\/index.php\/wp-json\/wp\/v2\/tags?post=107663"}],"curies":[{"name":"wp","href":"https:\/\/api.w.org\/{rel}","templated":true}]}}